{"id":95742,"date":"2019-11-13T18:00:08","date_gmt":"2019-11-13T16:00:08","guid":{"rendered":"http:\/\/www.tucomarca.com\/wordpress\/segunda\/?p=95742"},"modified":"2019-11-13T20:01:22","modified_gmt":"2019-11-13T18:01:22","slug":"lalcalde-de-iatova-miguel-tortola-es-reuneix-amb-el-diputat-de-desenvolupament-rural-ramiro-rivera","status":"publish","type":"post","link":"https:\/\/www.tucomarca.com\/wordpress\/segunda\/ca\/lalcalde-de-iatova-miguel-tortola-es-reuneix-amb-el-diputat-de-desenvolupament-rural-ramiro-rivera\/","title":{"rendered":"L&#8217;alcalde de I\u00e0tova, Miguel T\u00f3rtola, es reuneix amb el diputat de Desenvolupament Rural, Ramiro Rivera"},"content":{"rendered":"\n<p>El diputat de Desenvolupament Rural i Pol\u00edtiques contra la Despoblaci\u00f3, Ramiro Rivera, ha rebut aquest dimarts a l&#8217;alcalde de I\u00e0tova, Miguel T\u00f3rtola, amb qui ha tractat diversos assumptes d&#8217;actualitat relacionats amb aquest municipi de la Foia de Bunyol-Xiva, entre ells la col\u00b7laboraci\u00f3 en mat\u00e8ria d&#8217;emprenedoria i despoblaci\u00f3 rural.<\/p>\n","protected":false},"excerpt":{"rendered":"<div class=\"mh-excerpt\">El diputat de Desenvolupament Rural i Pol\u00edtiques contra la Despoblaci\u00f3, Ramiro Rivera, ha rebut aquest dimarts a l&#8217;alcalde de I\u00e0tova, Miguel T\u00f3rtola, amb qui ha tractat diversos assumptes d&#8217;actualitat relacionats amb aquest municipi de la <a class=\"mh-excerpt-more\" href=\"https:\/\/www.tucomarca.com\/wordpress\/segunda\/ca\/lalcalde-de-iatova-miguel-tortola-es-reuneix-amb-el-diputat-de-desenvolupament-rural-ramiro-rivera\/\" title=\"L&#8217;alcalde de I\u00e0tova, Miguel T\u00f3rtola, es reuneix amb el diputat de Desenvolupament Rural, Ramiro Rivera\">[+] <\/a><\/div>\n","protected":false},"author":1,"featured_media":95704,"comment_status":"open","ping_status":"open","sticky":false,"template":"","format":"standard","meta":{"footnotes":""},"categories":[10980,10948,10894,10912,10947,10896],"tags":[],"class_list":{"0":"post-95742","1":"post","2":"type-post","3":"status-publish","4":"format-standard","5":"has-post-thumbnail","7":"category-yatova-ca","8":"category-infraestructuras-ca","9":"category-la-comarca-ca","10":"category-la-hoya-ca","11":"category-politica","12":"category-seccion-ca"},"_links":{"self":[{"href":"https:\/\/www.tucomarca.com\/wordpress\/segunda\/ca\/wp-json\/wp\/v2\/posts\/95742","targetHints":{"allow":["GET"]}}],"collection":[{"href":"https:\/\/www.tucomarca.com\/wordpress\/segunda\/ca\/wp-json\/wp\/v2\/posts"}],"about":[{"href":"https:\/\/www.tucomarca.com\/wordpress\/segunda\/ca\/wp-json\/wp\/v2\/types\/post"}],"author":[{"embeddable":true,"href":"https:\/\/www.tucomarca.com\/wordpress\/segunda\/ca\/wp-json\/wp\/v2\/users\/1"}],"replies":[{"embeddable":true,"href":"https:\/\/www.tucomarca.com\/wordpress\/segunda\/ca\/wp-json\/wp\/v2\/comments?post=95742"}],"version-history":[{"count":0,"href":"https:\/\/www.tucomarca.com\/wordpress\/segunda\/ca\/wp-json\/wp\/v2\/posts\/95742\/revisions"}],"wp:featuredmedia":[{"embeddable":true,"href":"https:\/\/www.tucomarca.com\/wordpress\/segunda\/ca\/wp-json\/wp\/v2\/media\/95704"}],"wp:attachment":[{"href":"https:\/\/www.tucomarca.com\/wordpress\/segunda\/ca\/wp-json\/wp\/v2\/media?parent=95742"}],"wp:term":[{"taxonomy":"category","embeddable":true,"href":"https:\/\/www.tucomarca.com\/wordpress\/segunda\/ca\/wp-json\/wp\/v2\/categories?post=95742"},{"taxonomy":"post_tag","embeddable":true,"href":"https:\/\/www.tucomarca.com\/wordpress\/segunda\/ca\/wp-json\/wp\/v2\/tags?post=95742"}],"curies":[{"name":"wp","href":"https:\/\/api.w.org\/{rel}","templated":true}]}}