{"id":96896,"date":"2019-12-03T16:05:00","date_gmt":"2019-12-03T14:05:00","guid":{"rendered":"http:\/\/www.tucomarca.com\/wordpress\/segunda\/?p=96896"},"modified":"2019-12-03T16:05:08","modified_gmt":"2019-12-03T14:05:08","slug":"lajuntament-de-xest-inverteix-mes-de-17-000-euros-en-la-neteja-dels-abocadors-incontrolats-de-la-localitat","status":"publish","type":"post","link":"https:\/\/www.tucomarca.com\/wordpress\/segunda\/ca\/lajuntament-de-xest-inverteix-mes-de-17-000-euros-en-la-neteja-dels-abocadors-incontrolats-de-la-localitat\/","title":{"rendered":"L&#8217;Ajuntament de Xest inverteix m\u00e9s de 17.000 euros en la neteja dels abocadors incontrolats de la localitat"},"content":{"rendered":"\n<p>Tal com ha informat el regidor de Serveis, Jos\u00e9 Vicente Guijarro, des del 15 d&#8217;octubre fins a finals de novembre s&#8217;ha procedit a netejar els abocadors incontrolats de el terme municipal de Xest, eliminant m\u00e9s de 90.000 metres c\u00fabics d&#8217;estris, pl\u00e0stics, electrodom\u00e8stics, poda , escombraries i runes.<br><\/p>\n\n\n\n<p>&#8220;El poc civisme d&#8217;algunes persones li ha costat a l&#8217;Ajuntament, i amb aix\u00f2 a tota la ciutadania, 17.123, 56 euros. Per\u00f2 el m\u00e9s lamentable \u00e9s que a l&#8217;endem\u00e0 d&#8217;haver netejat els abocadors incontrolats estaven de nou plens &#8220;, ha manifestat Guijarro. &#8220;L&#8217;Ajuntament t\u00e9 l&#8217;obligaci\u00f3 de donar el servei d&#8217;escombraries a tot aquell espai urbanitzat i recepcionat, tot i aix\u00ed, es van situar contenidors verds en zones on hi ha habitatges r\u00fastics disseminades; per\u00f2, incomplint la normativa, s&#8217;estan utilitzant per dipositar estris i restes de podes, que a m\u00e9s, com no hi caben dins, es dipositen fora creant aix\u00ed un abocador &#8220;.<\/p>\n\n\n\n<p>Des de la regidoria de Serveis es recorda a la poblaci\u00f3 que hi ha un servei de recollida d&#8217;estris gratu\u00eft, els dimecres, previ av\u00eds uns dies abans a l&#8217;Ajuntament, trucant a l&#8217;96.251 00 15 o fent la gesti\u00f3 presencialment. &#8220;Aquest mateix servei tamb\u00e9 poden sol\u00b7licitar-les habitatges disseminats&#8221;, explica el regidor. Pel que fa a les restes de poda, s&#8217;han de dur a l&#8217;Ecoparc, igual que els estris, o triturar en els seus terrenys. &#8220;Enganxem cartelleria amb aquesta informaci\u00f3 en els contenidors de la perif\u00e8ria i, tot i aix\u00f2, la gent fa cas om\u00eds, per aix\u00f2 de nou m&#8217;agradaria apel\u00b7lar a l&#8217;civisme i el respecte a el Medi Ambient&#8221;.<\/p>\n\n\n\n<p>Guijarro ha posat \u00e8mfasi en la import\u00e0ncia de respectar la normativa en quan a neteja, abocaments i conviv\u00e8ncia ciutadana. &#8220;Davant el risc que el SEPRONA denunci\u00e9s a l&#8217;Ajuntament per delicte mediambiental, a causa l&#8217;estat de molts punts convertits en abocadors incontrolats a la perif\u00e8ria de la localitat, vam haver de prendre mesures i procedir a la seva neteja. Les ordenances municipals diuen clarament que aquelles persones que no segueixen la norma han de ser sancionades, pel que es posar\u00e0 en marxa una vigil\u00e0ncia exhaustiva i s&#8217;imposaran multes d&#8217;entre 300 i 18.000 euros &#8220;, afirma el regidor.<\/p>\n","protected":false},"excerpt":{"rendered":"<div class=\"mh-excerpt\">Tal com ha informat el regidor de Serveis, Jos\u00e9 Vicente Guijarro, des del 15 d&#8217;octubre fins a finals de novembre s&#8217;ha procedit a netejar els abocadors incontrolats de el terme municipal de Xest, eliminant m\u00e9s <a class=\"mh-excerpt-more\" href=\"https:\/\/www.tucomarca.com\/wordpress\/segunda\/ca\/lajuntament-de-xest-inverteix-mes-de-17-000-euros-en-la-neteja-dels-abocadors-incontrolats-de-la-localitat\/\" title=\"L&#8217;Ajuntament de Xest inverteix m\u00e9s de 17.000 euros en la neteja dels abocadors incontrolats de la localitat\">[+] <\/a><\/div>\n","protected":false},"author":1,"featured_media":96894,"comment_status":"open","ping_status":"open","sticky":false,"template":"","format":"standard","meta":{"footnotes":""},"categories":[10948,10894,10912,10903,10947,10896,10974],"tags":[5952],"class_list":{"0":"post-96896","1":"post","2":"type-post","3":"status-publish","4":"format-standard","5":"has-post-thumbnail","7":"category-infraestructuras-ca","8":"category-la-comarca-ca","9":"category-la-hoya-ca","10":"category-medio-ambiente-la-comarca-ca","11":"category-politica","12":"category-seccion-ca","13":"category-cheste-ca","14":"tag-la-hoya-de-bunol-chiva"},"_links":{"self":[{"href":"https:\/\/www.tucomarca.com\/wordpress\/segunda\/ca\/wp-json\/wp\/v2\/posts\/96896","targetHints":{"allow":["GET"]}}],"collection":[{"href":"https:\/\/www.tucomarca.com\/wordpress\/segunda\/ca\/wp-json\/wp\/v2\/posts"}],"about":[{"href":"https:\/\/www.tucomarca.com\/wordpress\/segunda\/ca\/wp-json\/wp\/v2\/types\/post"}],"author":[{"embeddable":true,"href":"https:\/\/www.tucomarca.com\/wordpress\/segunda\/ca\/wp-json\/wp\/v2\/users\/1"}],"replies":[{"embeddable":true,"href":"https:\/\/www.tucomarca.com\/wordpress\/segunda\/ca\/wp-json\/wp\/v2\/comments?post=96896"}],"version-history":[{"count":0,"href":"https:\/\/www.tucomarca.com\/wordpress\/segunda\/ca\/wp-json\/wp\/v2\/posts\/96896\/revisions"}],"wp:featuredmedia":[{"embeddable":true,"href":"https:\/\/www.tucomarca.com\/wordpress\/segunda\/ca\/wp-json\/wp\/v2\/media\/96894"}],"wp:attachment":[{"href":"https:\/\/www.tucomarca.com\/wordpress\/segunda\/ca\/wp-json\/wp\/v2\/media?parent=96896"}],"wp:term":[{"taxonomy":"category","embeddable":true,"href":"https:\/\/www.tucomarca.com\/wordpress\/segunda\/ca\/wp-json\/wp\/v2\/categories?post=96896"},{"taxonomy":"post_tag","embeddable":true,"href":"https:\/\/www.tucomarca.com\/wordpress\/segunda\/ca\/wp-json\/wp\/v2\/tags?post=96896"}],"curies":[{"name":"wp","href":"https:\/\/api.w.org\/{rel}","templated":true}]}}