{"id":96966,"date":"2019-12-03T21:46:40","date_gmt":"2019-12-03T19:46:40","guid":{"rendered":"http:\/\/www.tucomarca.com\/wordpress\/segunda\/?p=96966"},"modified":"2019-12-03T21:46:49","modified_gmt":"2019-12-03T19:46:49","slug":"el-pp-demana-una-comissio-dinvestigacio-per-analitzar-la-politica-de-menors-del-consell-en-els-centres","status":"publish","type":"post","link":"https:\/\/www.tucomarca.com\/wordpress\/segunda\/ca\/el-pp-demana-una-comissio-dinvestigacio-per-analitzar-la-politica-de-menors-del-consell-en-els-centres\/","title":{"rendered":"El PP demana una comissi\u00f3 d&#8217;investigaci\u00f3 per analitzar la pol\u00edtica de menors del Consell en els centres"},"content":{"rendered":"\n<p>La portaveu adjunta de el Grup Parlamentari Popular (GPP), Elena Bastidas, ha reclamat avui la creaci\u00f3 d&#8217;una comissi\u00f3 d&#8217;investigaci\u00f3 per poder avaluar i analitzar la gesti\u00f3 de la pol\u00edtica de menors als centres de la Comunitat Valenciana en els \u00faltims anys.<\/p>\n\n\n\n<p>&#8220;Volem que aquesta comissi\u00f3 tiri endavant despr\u00e9s dels desastre que marquen la gesti\u00f3 de menors a la Comunitat Valenciana, sobretot quan estem parlant d&#8217;un sector de la poblaci\u00f3 especialment vulnerable i sensible, que requereix dels seus governants una especial atenci\u00f3&#8221;, ha explicat.<\/p>\n\n\n\n<p>Aix\u00ed, ha assegurat que \u00e9s &#8220;alarmant&#8221; que 24 hores despr\u00e9s que la Just\u00edcia hagi condemnat a un educador d&#8217;un centre de menors de la Comunitat Valenciana, el President de la Generalitat, Ximo Puig, &#8220;segueixi callat&#8221; i, lluny de donar explicacions &#8220;fugi de la Comunitat&#8221;. Per aix\u00f2, Bastidas ha instat a Puig a &#8220;donar explicacions abans d&#8217;agafar l&#8217;avi\u00f3 perqu\u00e8 els valencians s\u00e0piguen qu\u00e8 ha passat i qu\u00e8 far\u00e0 amb la pol\u00edtica de menors de la Comunitat Valenciana de cara a el futur&#8221;.<\/p>\n\n\n\n<p>Per al PP &#8220;la situaci\u00f3 en aquests anys \u00e9s prou greu com perqu\u00e8 surti, \u00e9s el m\u00e0xim responsable de la gesti\u00f3 de menors tutelats per la Generalitat&#8221;. &#8220;Sempre que passa alguna cosa i hi ha una crisi important en el Consell el senyor Puig surt fugint, per aix\u00f2 abans que es vagi a Londres volem que doni explicacions a tota la societat valenciana i que digui que va fer perqu\u00e8 casos que han sacsejat l&#8217;opini\u00f3 p\u00fablica valenciana no tornin a repetir-se. Volem saber quines mesures prendr\u00e0 &#8220;, ha afegit.<\/p>\n\n\n\n<p>&#8220;La preocupaci\u00f3 per la pol\u00edtica de menors \u00e9s una cosa que el PP ha traslladat a nombrosa ocasions durant aquests quatre anys i mig de governs de l&#8217;Bot\u00e0nic&#8221;, ha recordat a el temps que ha assenyalat que el GPP ha presentat fins a 46 iniciatives referent a aix\u00f2.<\/p>\n\n\n\n<p>Aix\u00ed, ha assenyalat que &#8220;el caos, el desastre, la manca de planificaci\u00f3 han estat la t\u00f2nica general en aquests quatre anys i mig&#8221; en una pol\u00edtica que s&#8217;ha convertit en &#8220;el gran tal\u00f3 d&#8217;Aquil\u00b7les de la Generalitat&#8221;. A l&#8217;q\u00fcesti\u00f3, ha recordat caos com el de Montolivet, Sogorb, Bunyol o Alacant entre molts altres que han motivat nombroses peticions per part de PP.<\/p>\n","protected":false},"excerpt":{"rendered":"<div class=\"mh-excerpt\">La portaveu adjunta de el Grup Parlamentari Popular (GPP), Elena Bastidas, ha reclamat avui la creaci\u00f3 d&#8217;una comissi\u00f3 d&#8217;investigaci\u00f3 per poder avaluar i analitzar la gesti\u00f3 de la pol\u00edtica de menors als centres de la <a class=\"mh-excerpt-more\" href=\"https:\/\/www.tucomarca.com\/wordpress\/segunda\/ca\/el-pp-demana-una-comissio-dinvestigacio-per-analitzar-la-politica-de-menors-del-consell-en-els-centres\/\" title=\"El PP demana una comissi\u00f3 d&#8217;investigaci\u00f3 per analitzar la pol\u00edtica de menors del Consell en els centres\">[+] <\/a><\/div>\n","protected":false},"author":1,"featured_media":73856,"comment_status":"open","ping_status":"open","sticky":false,"template":"","format":"standard","meta":{"footnotes":""},"categories":[10911,10898,10948,10894,10904,10912,10947,10896,10897],"tags":[5952],"class_list":{"0":"post-96966","1":"post","2":"type-post","3":"status-publish","4":"format-standard","5":"has-post-thumbnail","7":"category-bunol-ca","8":"category-ventana-ca","9":"category-infraestructuras-ca","10":"category-la-comarca-ca","11":"category-sin-categorizar-ca","12":"category-la-hoya-ca","13":"category-politica","14":"category-seccion-ca","15":"category-sucesos-la-comarca-ca","16":"tag-la-hoya-de-bunol-chiva"},"_links":{"self":[{"href":"https:\/\/www.tucomarca.com\/wordpress\/segunda\/ca\/wp-json\/wp\/v2\/posts\/96966","targetHints":{"allow":["GET"]}}],"collection":[{"href":"https:\/\/www.tucomarca.com\/wordpress\/segunda\/ca\/wp-json\/wp\/v2\/posts"}],"about":[{"href":"https:\/\/www.tucomarca.com\/wordpress\/segunda\/ca\/wp-json\/wp\/v2\/types\/post"}],"author":[{"embeddable":true,"href":"https:\/\/www.tucomarca.com\/wordpress\/segunda\/ca\/wp-json\/wp\/v2\/users\/1"}],"replies":[{"embeddable":true,"href":"https:\/\/www.tucomarca.com\/wordpress\/segunda\/ca\/wp-json\/wp\/v2\/comments?post=96966"}],"version-history":[{"count":0,"href":"https:\/\/www.tucomarca.com\/wordpress\/segunda\/ca\/wp-json\/wp\/v2\/posts\/96966\/revisions"}],"wp:featuredmedia":[{"embeddable":true,"href":"https:\/\/www.tucomarca.com\/wordpress\/segunda\/ca\/wp-json\/wp\/v2\/media\/73856"}],"wp:attachment":[{"href":"https:\/\/www.tucomarca.com\/wordpress\/segunda\/ca\/wp-json\/wp\/v2\/media?parent=96966"}],"wp:term":[{"taxonomy":"category","embeddable":true,"href":"https:\/\/www.tucomarca.com\/wordpress\/segunda\/ca\/wp-json\/wp\/v2\/categories?post=96966"},{"taxonomy":"post_tag","embeddable":true,"href":"https:\/\/www.tucomarca.com\/wordpress\/segunda\/ca\/wp-json\/wp\/v2\/tags?post=96966"}],"curies":[{"name":"wp","href":"https:\/\/api.w.org\/{rel}","templated":true}]}}