{"id":96975,"date":"2019-12-03T21:55:30","date_gmt":"2019-12-03T19:55:30","guid":{"rendered":"http:\/\/www.tucomarca.com\/wordpress\/segunda\/?p=96975"},"modified":"2019-12-03T21:55:40","modified_gmt":"2019-12-03T19:55:40","slug":"la-diputacio-coordina-amb-la-generalitat-el-futur-desenvolupament-de-la-llei-de-serveis-socials-inclusius","status":"publish","type":"post","link":"https:\/\/www.tucomarca.com\/wordpress\/segunda\/ca\/la-diputacio-coordina-amb-la-generalitat-el-futur-desenvolupament-de-la-llei-de-serveis-socials-inclusius\/","title":{"rendered":"La Diputaci\u00f3 coordina amb la Generalitat el futur desenvolupament de la Llei de Serveis Socials Inclusius"},"content":{"rendered":"\n<p>La Diputaci\u00f3 de Val\u00e8ncia coordina amb la Generalitat el futur desenvolupament de la nova Llei de Serveis Socials Inclusius. En el marc de la col\u00b7laboraci\u00f3 institucional entre la corporaci\u00f3 provincial i el Consell, el president, Toni Gaspar, ha participat al costat de la vicepresidenta de la Generalitat i consellera d&#8217;Igualtat i Pol\u00edtiques Inclusives, M\u00f3nica Oltra, en la reuni\u00f3 de la Taula T\u00e8cnica de Coordinaci\u00f3 social Generalitat Valenciana-Diputaci\u00f3 de Val\u00e8ncia.<\/p>\n\n\n\n<p>L&#8217;objectiu d&#8217;aquest per\u00edode de treball previ entre institucions \u00e9s establir les bases d&#8217;aplicaci\u00f3 de la nova llei, arran de la qual la Diputaci\u00f3 tindr\u00e0 un paper fonamental en el finan\u00e7ament dels serveis socials en els pobles de menys de 20.000 habitants. A la reuni\u00f3 d&#8217;aquest dimarts han participat, al costat de Gaspar, les diputades de Benestar Social, Pilar Sarri\u00f3n; Educaci\u00f3 i Inclusi\u00f3 Social, Empar Folgado; Igualtat, Eli Garc\u00eda; i Comarcalitzaci\u00f3 i Diversitat, Dolors Gimeno.<\/p>\n\n\n\n<p>El president de la Diputaci\u00f3, Toni Gaspar, ha destacat la import\u00e0ncia d &#8216; &#8220;escoltar als municipis en aquesta fase de desenvolupament de la nova llei&#8221;, i ha coincidit amb M\u00f2nica Oltra en qu\u00e8 la coordinaci\u00f3 entre dues institucions com la Generalitat i la Diputaci\u00f3 &#8221; permet avan\u00e7ar en la consolidaci\u00f3 d&#8217;un sistema que situa en el centre a les persones &#8220;.<\/p>\n\n\n\n<p>Aix\u00ed ho ha assegurat la vicepresidenta de el Consell despr\u00e9s de presidir al costat de Gaspar la reuni\u00f3 de la Taula T\u00e8cnica de Coordinaci\u00f3 Social Generalitat Valenciana-Diputaci\u00f3 de Val\u00e8ncia, en qu\u00e8 ha remarcat que amb aquestes pol\u00edtiques de col\u00b7laboraci\u00f3 es posa de manifest que les dues institucions &#8220;han tingut molt clar que calia situar al centre de la pol\u00edtica a les persones i, en aquest cas, a les persones m\u00e9s vulnerables &#8220;.<\/p>\n\n\n\n<p>La constituci\u00f3 de la Taula T\u00e8cnica de Coordinaci\u00f3 Social Generalitat Valenciana-Diputaci\u00f3 de Val\u00e8ncia es va establir l&#8217;any passat amb l&#8217;objectiu de fer un seguiment dels plans d&#8217;infraestructures acordats per ambdues institucions, per crear recursos en aquells municipis on hi ha necessitats socials de les persones m\u00e9s vulnerables.<\/p>\n\n\n\n<p>La creaci\u00f3 d&#8217;aquests recursos es va realitzar d&#8217;acord a criteris objectius proposats per la Vicepresid\u00e8ncia i Conselleria d&#8217;Igualtat i Pol\u00edtiques Inclusives, i que responen a una major efic\u00e0cia i efici\u00e8ncia en la prestaci\u00f3 dels serveis socials, la promoci\u00f3 de la igualtat i el foment de la inclusi\u00f3 social.<\/p>\n\n\n\n<p>A m\u00e9s de la dotaci\u00f3 pressupost\u00e0ria de la Diputaci\u00f3 de Val\u00e8ncia tamb\u00e9 els municipis col\u00b7laboren en la millora de l&#8217;oferta de recursos amb la cessi\u00f3 de s\u00f2l o d&#8217;infraestructures a rehabilitar, i \u00e9s la Conselleria d&#8217;Igualtat qui es faci c\u00e0rrec de l&#8217;equipament dels mateixos i de l&#8217; concert de places.<\/p>\n\n\n\n<p><strong>Pla d&#8217;infraestructures<\/strong><\/p>\n\n\n\n<p>La vicepresidenta ha explicat que en la trobada s&#8217;ha fet un rep\u00e0s de el pla d&#8217;infraestructures a tres bandes, Conselleria, Diputaci\u00f3 i ajuntaments, &#8220;que va a bon ritme i amb terminis que s&#8217;estan complint&#8221;. Aquest pla d&#8217;infraestructures 2017-2019 compta amb una dotaci\u00f3 pressupost\u00e0ria per part de la Diputaci\u00f3 de Val\u00e8ncia de prop de 17 milions d&#8217;euros.<\/p>\n\n\n\n<p>Tal com s&#8217;ha constatat, algunes de les infraestructures ja estan en marxa, com el CRIS i centre de dia per a persones amb trastorn mental de Carcaixent, ja en funcionament des del mes d&#8217;abril, o la resid\u00e8ncia i centre de dia per a persones amb diversitat funcional de Sueca que est\u00e0 funcionant des del passat mes d&#8217;octubre. A Paterna tamb\u00e9 s&#8217;han acabat les obres de la resid\u00e8ncia per a persones amb diversitat funcional i s&#8217;est\u00e0 tramitant la cessi\u00f3 a la Generalitat per al seu equipament. En el cas de el centre d&#8217;acollida de persones menors d&#8217;edat de Ll\u00edria s&#8217;est\u00e0 en proc\u00e9s de negociaci\u00f3 amb l&#8217;Ajuntament per desbloquejar el projecte.<\/p>\n\n\n\n<p>Pel que fa a les subvencions concedides als ajuntaments en 2018 i 2019, les obres de centre social multifuncional d&#8217;Aras de los Olmos, el centre de dia per a gent gran i el taller ocupacional per a persones amb diversitat funcional d&#8217;Adem\u00fas, la resid\u00e8ncia i centre de dia de Mislata i el centre de dia de Font de la Figuera es troben licitades i en marxa. Aix\u00ed com els centres de dia per a majors d&#8217;Agullent i Meliana que es troben en proc\u00e9s de licitaci\u00f3.<\/p>\n\n\n\n<p>Durant la reuni\u00f3 d&#8217;aquest dimarts tamb\u00e9 s&#8217;ha acordat l&#8217;elaboraci\u00f3 d&#8217;un protocol de col\u00b7laboraci\u00f3 per a la implantaci\u00f3 de la nova Llei de Serveis Socials Inclusius.<\/p>\n","protected":false},"excerpt":{"rendered":"<div class=\"mh-excerpt\">La Diputaci\u00f3 de Val\u00e8ncia coordina amb la Generalitat el futur desenvolupament de la nova Llei de Serveis Socials Inclusius. En el marc de la col\u00b7laboraci\u00f3 institucional entre la corporaci\u00f3 provincial i el Consell, el president, <a class=\"mh-excerpt-more\" href=\"https:\/\/www.tucomarca.com\/wordpress\/segunda\/ca\/la-diputacio-coordina-amb-la-generalitat-el-futur-desenvolupament-de-la-llei-de-serveis-socials-inclusius\/\" title=\"La Diputaci\u00f3 coordina amb la Generalitat el futur desenvolupament de la Llei de Serveis Socials Inclusius\">[+] <\/a><\/div>\n","protected":false},"author":1,"featured_media":96973,"comment_status":"open","ping_status":"open","sticky":false,"template":"","format":"standard","meta":{"footnotes":""},"categories":[10892,10898,10948,10894,10904,10928,10947,10896],"tags":[3677,11246],"class_list":{"0":"post-96975","1":"post","2":"type-post","3":"status-publish","4":"format-standard","5":"has-post-thumbnail","7":"category-camp-de-turia-ca","8":"category-ventana-ca","9":"category-infraestructuras-ca","10":"category-la-comarca-ca","11":"category-sin-categorizar-ca","12":"category-lliria-ca","13":"category-politica","14":"category-seccion-ca","15":"tag-diputacio-de-valencia","16":"tag-diputacio-de-valencia-ca"},"_links":{"self":[{"href":"https:\/\/www.tucomarca.com\/wordpress\/segunda\/ca\/wp-json\/wp\/v2\/posts\/96975","targetHints":{"allow":["GET"]}}],"collection":[{"href":"https:\/\/www.tucomarca.com\/wordpress\/segunda\/ca\/wp-json\/wp\/v2\/posts"}],"about":[{"href":"https:\/\/www.tucomarca.com\/wordpress\/segunda\/ca\/wp-json\/wp\/v2\/types\/post"}],"author":[{"embeddable":true,"href":"https:\/\/www.tucomarca.com\/wordpress\/segunda\/ca\/wp-json\/wp\/v2\/users\/1"}],"replies":[{"embeddable":true,"href":"https:\/\/www.tucomarca.com\/wordpress\/segunda\/ca\/wp-json\/wp\/v2\/comments?post=96975"}],"version-history":[{"count":0,"href":"https:\/\/www.tucomarca.com\/wordpress\/segunda\/ca\/wp-json\/wp\/v2\/posts\/96975\/revisions"}],"wp:featuredmedia":[{"embeddable":true,"href":"https:\/\/www.tucomarca.com\/wordpress\/segunda\/ca\/wp-json\/wp\/v2\/media\/96973"}],"wp:attachment":[{"href":"https:\/\/www.tucomarca.com\/wordpress\/segunda\/ca\/wp-json\/wp\/v2\/media?parent=96975"}],"wp:term":[{"taxonomy":"category","embeddable":true,"href":"https:\/\/www.tucomarca.com\/wordpress\/segunda\/ca\/wp-json\/wp\/v2\/categories?post=96975"},{"taxonomy":"post_tag","embeddable":true,"href":"https:\/\/www.tucomarca.com\/wordpress\/segunda\/ca\/wp-json\/wp\/v2\/tags?post=96975"}],"curies":[{"name":"wp","href":"https:\/\/api.w.org\/{rel}","templated":true}]}}