{"id":96979,"date":"2019-12-03T22:05:58","date_gmt":"2019-12-03T20:05:58","guid":{"rendered":"http:\/\/www.tucomarca.com\/wordpress\/segunda\/?p=96979"},"modified":"2019-12-03T22:06:07","modified_gmt":"2019-12-03T20:06:07","slug":"el-prya-demana-la-reparacio-de-lenllumenat-public-de-el-cami-que-uneix-requena-amb-el-ponton","status":"publish","type":"post","link":"https:\/\/www.tucomarca.com\/wordpress\/segunda\/ca\/el-prya-demana-la-reparacio-de-lenllumenat-public-de-el-cami-que-uneix-requena-amb-el-ponton\/","title":{"rendered":"El PRyA demana la reparaci\u00f3 de l&#8217;enllumenat p\u00fablic de el cam\u00ed que uneix Requena amb el Pont\u00f3n"},"content":{"rendered":"\n<p>En l&#8217;\u00faltim ple celebrat a l&#8217;Ajuntament de Requena es va sol\u00b7licitar, per part de el Partit de Requena i Llogarets, la reparaci\u00f3 de l&#8217;enllumenat p\u00fablic de el cam\u00ed que uneix Requena amb El Pont\u00f3n per darrere de la pista d&#8217;atletisme.<\/p>\n\n\n\n<p>De tots \u00e9s sabut que aquest cam\u00ed \u00e9s utilitzat per multitud de persones durant tot l&#8217;any, b\u00e9 sigui per anar d&#8217;una poblaci\u00f3 a l&#8217;altra o per fer esport. Es tracta d&#8217;una de les vies m\u00e9s transitades de tot el municipi durant tot l&#8217;any, encara arribats a aquesta part de l&#8217;any en qu\u00e8 es fa fosc abans, fa que aquesta travessia s&#8217;hagi d&#8217;utilitzar sense llum de nit.<\/p>\n\n\n\n<p>&#8220;Fa uns quants anys es va procedir a retirar els fanals d&#8217;enllumenat p\u00fablic que donaven llum de nit a aquest cam\u00ed a causa dels robatoris que s&#8217;estaven produint en aquell moment, deixant a les fosques aquest cam\u00ed les \u00faltimes hores del dia&#8221;, han afegit.<\/p>\n\n\n\n<p>&#8220;Diversos usuaris d&#8217;aquesta via s&#8217;han dirigit a el Partit de Requena i Llogarets per demanar-nos que transmetem a l&#8217;equip de govern de local la petici\u00f3 de reposici\u00f3 dels fanals d&#8217;enllumenat p\u00fablic per poder utilitzar aquest cam\u00ed durant m\u00e9s temps. Doncs b\u00e9, en el passat ple ordinari del mes de novembre, el PRyA, va traslladar aquesta petici\u00f3 dels usuaris d&#8217;aquest cam\u00ed a l&#8217;equip de govern socialista de Requena&#8221;.<\/p>\n\n\n\n<p>&#8220;El Partit de Requena i Llogarets no cessa la seva activitat en cap moment de l&#8217;any pel b\u00e9 del nostre municipi i est\u00e0 a disposici\u00f3 de tots els ve\u00efns de la mateixa, pel que animem a qualsevol d&#8217;ells a traslladar les seves inquietuds o suggeriments. El nostre partit \u00e9s l&#8217;\u00fanic d&#8217;\u00e0mbit estrictament local i la nostra major preocupaci\u00f3 \u00e9s el benestar de Requena i els seus llogarets. Per poder ajudar-los, qualsevol petici\u00f3 o suggeriment poden fer arribar a trav\u00e9s de les nostres xarxes socials a internet o de el seg\u00fcent correu electr\u00f2nic: partidoderequenayaldeas@gmail.com&#8221;, han finalitzat.<\/p>\n","protected":false},"excerpt":{"rendered":"<div class=\"mh-excerpt\">En l&#8217;\u00faltim ple celebrat a l&#8217;Ajuntament de Requena es va sol\u00b7licitar, per part de el Partit de Requena i Llogarets, la reparaci\u00f3 de l&#8217;enllumenat p\u00fablic de el cam\u00ed que uneix Requena amb El Pont\u00f3n per <a class=\"mh-excerpt-more\" href=\"https:\/\/www.tucomarca.com\/wordpress\/segunda\/ca\/el-prya-demana-la-reparacio-de-lenllumenat-public-de-el-cami-que-uneix-requena-amb-el-ponton\/\" title=\"El PRyA demana la reparaci\u00f3 de l&#8217;enllumenat p\u00fablic de el cam\u00ed que uneix Requena amb el Pont\u00f3n\">[+] <\/a><\/div>\n","protected":false},"author":1,"featured_media":96915,"comment_status":"open","ping_status":"open","sticky":false,"template":"","format":"standard","meta":{"footnotes":""},"categories":[10948,10894,10947,10908,10909,10896],"tags":[10387,10910],"class_list":{"0":"post-96979","1":"post","2":"type-post","3":"status-publish","4":"format-standard","5":"has-post-thumbnail","7":"category-infraestructuras-ca","8":"category-la-comarca-ca","9":"category-politica","10":"category-requena-ca","11":"category-requena-utiel-ca","12":"category-seccion-ca","13":"tag-requena-utiel","14":"tag-requena-utiel-ca"},"_links":{"self":[{"href":"https:\/\/www.tucomarca.com\/wordpress\/segunda\/ca\/wp-json\/wp\/v2\/posts\/96979","targetHints":{"allow":["GET"]}}],"collection":[{"href":"https:\/\/www.tucomarca.com\/wordpress\/segunda\/ca\/wp-json\/wp\/v2\/posts"}],"about":[{"href":"https:\/\/www.tucomarca.com\/wordpress\/segunda\/ca\/wp-json\/wp\/v2\/types\/post"}],"author":[{"embeddable":true,"href":"https:\/\/www.tucomarca.com\/wordpress\/segunda\/ca\/wp-json\/wp\/v2\/users\/1"}],"replies":[{"embeddable":true,"href":"https:\/\/www.tucomarca.com\/wordpress\/segunda\/ca\/wp-json\/wp\/v2\/comments?post=96979"}],"version-history":[{"count":0,"href":"https:\/\/www.tucomarca.com\/wordpress\/segunda\/ca\/wp-json\/wp\/v2\/posts\/96979\/revisions"}],"wp:featuredmedia":[{"embeddable":true,"href":"https:\/\/www.tucomarca.com\/wordpress\/segunda\/ca\/wp-json\/wp\/v2\/media\/96915"}],"wp:attachment":[{"href":"https:\/\/www.tucomarca.com\/wordpress\/segunda\/ca\/wp-json\/wp\/v2\/media?parent=96979"}],"wp:term":[{"taxonomy":"category","embeddable":true,"href":"https:\/\/www.tucomarca.com\/wordpress\/segunda\/ca\/wp-json\/wp\/v2\/categories?post=96979"},{"taxonomy":"post_tag","embeddable":true,"href":"https:\/\/www.tucomarca.com\/wordpress\/segunda\/ca\/wp-json\/wp\/v2\/tags?post=96979"}],"curies":[{"name":"wp","href":"https:\/\/api.w.org\/{rel}","templated":true}]}}