{"id":97036,"date":"2019-12-05T21:21:28","date_gmt":"2019-12-05T19:21:28","guid":{"rendered":"http:\/\/www.tucomarca.com\/wordpress\/segunda\/?p=97036"},"modified":"2019-12-05T21:21:33","modified_gmt":"2019-12-05T19:21:33","slug":"fotogaleria-el-club-balonmano-bunyol-es-presenta-davant-laficio","status":"publish","type":"post","link":"https:\/\/www.tucomarca.com\/wordpress\/segunda\/ca\/fotogaleria-el-club-balonmano-bunyol-es-presenta-davant-laficio\/","title":{"rendered":"Fotogaleria: El Club Balonmano Bunyol es presenta davant l&#8217;afici\u00f3"},"content":{"rendered":"\n<p><strong>M\u00e9s de 120 jugadores i jugadors van saltar a la pista de joc de l&#8217;Pavell\u00f3 de \u00abEl Planell\u00bb<\/strong><\/p>\n\n\n\n<p>El Pavell\u00f3 Poliesportiu de &#8220;El Planell&#8221; de Bunyol va acollir Dissabte passat la presentaci\u00f3 dels equips de el Club Balonmano Bu\u00f1ol. M\u00e9s de 120 jugadores i jugador\u00e0s van saltar a la pista de joc en una tarda plena d&#8217;emocions.<\/p>\n\n\n\n<p>El actora arrenca a les 17h i un a un fuer\u00f3n Saltant els diferents equips al camp. En primer Lloc el van fer els m\u00e9s Petits, es Dir, els nens i nenes de les escoles d&#8217;handbol que s&#8217;imparteix a les escoles de la localitat i que estan dirigits per Teo Pros i Aitor Blasco. M\u00e9s tard va ser el torn per als conjunts federats, Comen\u00e7ant pel benjam\u00ed, que dirigeix \u200b\u200bJavier Mas i Joaqu\u00edn S\u00e1ez i l&#8217;alev\u00ed que llevaneus aquests mateixos entrenadors. Posteriorment, li va tocar el torn a l&#8217;equip infantil mascul\u00ed sota les ordres de Tito Wilson Suris i Javi Espert.<\/p>\n\n\n\n<p>El seg\u00fcent conjunt a saltar a el camp va ser l&#8217;infantil femen\u00ed que dirigeixen Javi Vall\u00e8s i Jos\u00e9 Manuel Vall\u00e9s, un equip que marxa al capdamunt de la taula i que es un dels conjunts ins\u00edgnies de club. Torn Despr\u00e9s per al cadet que dirigeixen Teo Pros, coordinador esportiu de l&#8217;entitat. Despr\u00e9s van saltar els juvenils, que enguany compten a la banqueta amb V\u00edctor Tom\u00e1s i Pedro Vall\u00e9s.<\/p>\n\n\n\n<p>Finalment, va ser el torn per a l&#8217;equip s\u00e8nior, dirigida enguany per Teo Pros. El conjunt refer\u00e8ncia de el club est\u00e0 teni\u00e9ndo un inici de temporada for\u00e7a positiu i est\u00e0 en els llocs alts de la classificaci\u00f3.<br>A l&#8217;acte de presentaci\u00f3, que estuv\u00f3 dirigit pel periodista Luis Vall\u00e8s, va acudir l&#8217;edil d&#8217;Esports, Manuel Serra Tamarit, qui va destacar &#8220;la gran tasca que s&#8217;est\u00e0 fent a les escoles i a la base perqu\u00e8 un esport com l&#8217;handbol siga estant molt present a Bu\u00f1ol &#8220;. Per sumi part, el president de l&#8217;entitat, Pere Vall\u00e8s quis \u00abagrairia a mares i pares el comprom\u00eds que Tenen amb un club que l&#8217;\u00fanic que Fa es va formar esportistes des del Respecte i l&#8217;educaci\u00f3\u00ab. Tamb\u00e9 Va tenir paraules d&#8217;Agra\u00efment per \u00ables jugadors i jugadores per la seua implicaci\u00f3n i por demostrar que l&#8217;handbol \u00e9s un estil de vida\u00ab.<\/p>\n\n\n\n<p>Finalment, el actora es tancar amb una gran foto de fam\u00edlia de tots els equips davant un Pebell\u00f3n Plena de familiars, pares, mares i iaios, que van veure als m\u00e9s menuts gaudir d&#8217;aquest acte. Posteriorment l&#8217;equip s\u00e8nior va disputar el super partit de lliga davant el Betx\u00ed, davant del qual va caure per 17 a 19.<\/p>\n\n\n\n<ul class=\"wp-block-gallery columns-2 is-cropped wp-block-gallery-1 is-layout-flex wp-block-gallery-is-layout-flex\"><li class=\"blocks-gallery-item\"><figure><img loading=\"lazy\" decoding=\"async\" width=\"787\" height=\"524\" src=\"http:\/\/www.tucomarca.com\/wordpress\/segunda\/wp-content\/uploads\/2019\/12\/02BALONMANO.jpg\" alt=\"\" data-id=\"97010\" data-link=\"http:\/\/www.tucomarca.com\/wordpress\/segunda\/?attachment_id=97010\" class=\"wp-image-97010\" srcset=\"https:\/\/www.tucomarca.com\/wordpress\/segunda\/wp-content\/uploads\/2019\/12\/02BALONMANO.jpg 787w, https:\/\/www.tucomarca.com\/wordpress\/segunda\/wp-content\/uploads\/2019\/12\/02BALONMANO-300x200.jpg 300w, https:\/\/www.tucomarca.com\/wordpress\/segunda\/wp-content\/uploads\/2019\/12\/02BALONMANO-768x511.jpg 768w\" sizes=\"auto, (max-width: 787px) 100vw, 787px\" \/><\/figure><\/li><li class=\"blocks-gallery-item\"><figure><img loading=\"lazy\" decoding=\"async\" width=\"787\" height=\"525\" src=\"http:\/\/www.tucomarca.com\/wordpress\/segunda\/wp-content\/uploads\/2019\/12\/03BALONMANO.jpg\" alt=\"\" data-id=\"97012\" data-link=\"http:\/\/www.tucomarca.com\/wordpress\/segunda\/?attachment_id=97012\" class=\"wp-image-97012\" srcset=\"https:\/\/www.tucomarca.com\/wordpress\/segunda\/wp-content\/uploads\/2019\/12\/03BALONMANO.jpg 787w, https:\/\/www.tucomarca.com\/wordpress\/segunda\/wp-content\/uploads\/2019\/12\/03BALONMANO-300x200.jpg 300w, https:\/\/www.tucomarca.com\/wordpress\/segunda\/wp-content\/uploads\/2019\/12\/03BALONMANO-768x512.jpg 768w\" sizes=\"auto, (max-width: 787px) 100vw, 787px\" \/><\/figure><\/li><li class=\"blocks-gallery-item\"><figure><img loading=\"lazy\" decoding=\"async\" width=\"787\" height=\"525\" src=\"http:\/\/www.tucomarca.com\/wordpress\/segunda\/wp-content\/uploads\/2019\/12\/04BALONMANO.jpg\" alt=\"\" data-id=\"97014\" data-link=\"http:\/\/www.tucomarca.com\/wordpress\/segunda\/?attachment_id=97014\" class=\"wp-image-97014\" srcset=\"https:\/\/www.tucomarca.com\/wordpress\/segunda\/wp-content\/uploads\/2019\/12\/04BALONMANO.jpg 787w, https:\/\/www.tucomarca.com\/wordpress\/segunda\/wp-content\/uploads\/2019\/12\/04BALONMANO-300x200.jpg 300w, https:\/\/www.tucomarca.com\/wordpress\/segunda\/wp-content\/uploads\/2019\/12\/04BALONMANO-768x512.jpg 768w\" sizes=\"auto, (max-width: 787px) 100vw, 787px\" \/><\/figure><\/li><li class=\"blocks-gallery-item\"><figure><img loading=\"lazy\" decoding=\"async\" width=\"787\" height=\"525\" src=\"http:\/\/www.tucomarca.com\/wordpress\/segunda\/wp-content\/uploads\/2019\/12\/05BALONMANO.jpg\" alt=\"\" data-id=\"97016\" data-link=\"http:\/\/www.tucomarca.com\/wordpress\/segunda\/?attachment_id=97016\" class=\"wp-image-97016\" srcset=\"https:\/\/www.tucomarca.com\/wordpress\/segunda\/wp-content\/uploads\/2019\/12\/05BALONMANO.jpg 787w, https:\/\/www.tucomarca.com\/wordpress\/segunda\/wp-content\/uploads\/2019\/12\/05BALONMANO-300x200.jpg 300w, https:\/\/www.tucomarca.com\/wordpress\/segunda\/wp-content\/uploads\/2019\/12\/05BALONMANO-768x512.jpg 768w\" sizes=\"auto, (max-width: 787px) 100vw, 787px\" \/><\/figure><\/li><li class=\"blocks-gallery-item\"><figure><img loading=\"lazy\" decoding=\"async\" width=\"787\" height=\"525\" src=\"http:\/\/www.tucomarca.com\/wordpress\/segunda\/wp-content\/uploads\/2019\/12\/06BALONMANO.jpg\" alt=\"\" data-id=\"97018\" data-link=\"http:\/\/www.tucomarca.com\/wordpress\/segunda\/?attachment_id=97018\" class=\"wp-image-97018\" srcset=\"https:\/\/www.tucomarca.com\/wordpress\/segunda\/wp-content\/uploads\/2019\/12\/06BALONMANO.jpg 787w, https:\/\/www.tucomarca.com\/wordpress\/segunda\/wp-content\/uploads\/2019\/12\/06BALONMANO-300x200.jpg 300w, https:\/\/www.tucomarca.com\/wordpress\/segunda\/wp-content\/uploads\/2019\/12\/06BALONMANO-768x512.jpg 768w\" sizes=\"auto, (max-width: 787px) 100vw, 787px\" \/><\/figure><\/li><li class=\"blocks-gallery-item\"><figure><img loading=\"lazy\" decoding=\"async\" width=\"787\" height=\"525\" src=\"http:\/\/www.tucomarca.com\/wordpress\/segunda\/wp-content\/uploads\/2019\/12\/07BALONMANO.jpg\" alt=\"\" data-id=\"97020\" data-link=\"http:\/\/www.tucomarca.com\/wordpress\/segunda\/?attachment_id=97020\" class=\"wp-image-97020\" srcset=\"https:\/\/www.tucomarca.com\/wordpress\/segunda\/wp-content\/uploads\/2019\/12\/07BALONMANO.jpg 787w, https:\/\/www.tucomarca.com\/wordpress\/segunda\/wp-content\/uploads\/2019\/12\/07BALONMANO-300x200.jpg 300w, https:\/\/www.tucomarca.com\/wordpress\/segunda\/wp-content\/uploads\/2019\/12\/07BALONMANO-768x512.jpg 768w\" sizes=\"auto, (max-width: 787px) 100vw, 787px\" \/><\/figure><\/li><li class=\"blocks-gallery-item\"><figure><img loading=\"lazy\" decoding=\"async\" width=\"787\" height=\"525\" src=\"http:\/\/www.tucomarca.com\/wordpress\/segunda\/wp-content\/uploads\/2019\/12\/08BALONMANO.jpg\" alt=\"\" data-id=\"97022\" data-link=\"http:\/\/www.tucomarca.com\/wordpress\/segunda\/?attachment_id=97022\" class=\"wp-image-97022\" srcset=\"https:\/\/www.tucomarca.com\/wordpress\/segunda\/wp-content\/uploads\/2019\/12\/08BALONMANO.jpg 787w, https:\/\/www.tucomarca.com\/wordpress\/segunda\/wp-content\/uploads\/2019\/12\/08BALONMANO-300x200.jpg 300w, https:\/\/www.tucomarca.com\/wordpress\/segunda\/wp-content\/uploads\/2019\/12\/08BALONMANO-768x512.jpg 768w\" sizes=\"auto, (max-width: 787px) 100vw, 787px\" \/><\/figure><\/li><li class=\"blocks-gallery-item\"><figure><img loading=\"lazy\" decoding=\"async\" width=\"787\" height=\"525\" src=\"http:\/\/www.tucomarca.com\/wordpress\/segunda\/wp-content\/uploads\/2019\/12\/09BALONMANO.jpg\" alt=\"\" data-id=\"97024\" data-link=\"http:\/\/www.tucomarca.com\/wordpress\/segunda\/?attachment_id=97024\" class=\"wp-image-97024\" srcset=\"https:\/\/www.tucomarca.com\/wordpress\/segunda\/wp-content\/uploads\/2019\/12\/09BALONMANO.jpg 787w, https:\/\/www.tucomarca.com\/wordpress\/segunda\/wp-content\/uploads\/2019\/12\/09BALONMANO-300x200.jpg 300w, https:\/\/www.tucomarca.com\/wordpress\/segunda\/wp-content\/uploads\/2019\/12\/09BALONMANO-768x512.jpg 768w\" sizes=\"auto, (max-width: 787px) 100vw, 787px\" \/><\/figure><\/li><li class=\"blocks-gallery-item\"><figure><img loading=\"lazy\" decoding=\"async\" width=\"787\" height=\"525\" src=\"http:\/\/www.tucomarca.com\/wordpress\/segunda\/wp-content\/uploads\/2019\/12\/10BALONMANO.jpg\" alt=\"\" data-id=\"97026\" data-link=\"http:\/\/www.tucomarca.com\/wordpress\/segunda\/?attachment_id=97026\" class=\"wp-image-97026\" srcset=\"https:\/\/www.tucomarca.com\/wordpress\/segunda\/wp-content\/uploads\/2019\/12\/10BALONMANO.jpg 787w, https:\/\/www.tucomarca.com\/wordpress\/segunda\/wp-content\/uploads\/2019\/12\/10BALONMANO-300x200.jpg 300w, https:\/\/www.tucomarca.com\/wordpress\/segunda\/wp-content\/uploads\/2019\/12\/10BALONMANO-768x512.jpg 768w\" sizes=\"auto, (max-width: 787px) 100vw, 787px\" \/><\/figure><\/li><li class=\"blocks-gallery-item\"><figure><img loading=\"lazy\" decoding=\"async\" width=\"787\" height=\"525\" src=\"http:\/\/www.tucomarca.com\/wordpress\/segunda\/wp-content\/uploads\/2019\/12\/01BALONMANO-1.jpg\" alt=\"\" data-id=\"97031\" data-link=\"http:\/\/www.tucomarca.com\/wordpress\/segunda\/?attachment_id=97031\" class=\"wp-image-97031\" srcset=\"https:\/\/www.tucomarca.com\/wordpress\/segunda\/wp-content\/uploads\/2019\/12\/01BALONMANO-1.jpg 787w, https:\/\/www.tucomarca.com\/wordpress\/segunda\/wp-content\/uploads\/2019\/12\/01BALONMANO-1-300x200.jpg 300w, https:\/\/www.tucomarca.com\/wordpress\/segunda\/wp-content\/uploads\/2019\/12\/01BALONMANO-1-768x512.jpg 768w\" sizes=\"auto, (max-width: 787px) 100vw, 787px\" \/><\/figure><\/li><li class=\"blocks-gallery-item\"><figure><img loading=\"lazy\" decoding=\"async\" width=\"944\" height=\"394\" src=\"http:\/\/www.tucomarca.com\/wordpress\/segunda\/wp-content\/uploads\/2019\/12\/11BALONMANO-1.jpg\" alt=\"\" data-id=\"97033\" data-link=\"http:\/\/www.tucomarca.com\/wordpress\/segunda\/?attachment_id=97033\" class=\"wp-image-97033\" srcset=\"https:\/\/www.tucomarca.com\/wordpress\/segunda\/wp-content\/uploads\/2019\/12\/11BALONMANO-1.jpg 944w, https:\/\/www.tucomarca.com\/wordpress\/segunda\/wp-content\/uploads\/2019\/12\/11BALONMANO-1-300x125.jpg 300w, https:\/\/www.tucomarca.com\/wordpress\/segunda\/wp-content\/uploads\/2019\/12\/11BALONMANO-1-768x321.jpg 768w\" sizes=\"auto, (max-width: 944px) 100vw, 944px\" \/><\/figure><\/li><\/ul>\n","protected":false},"excerpt":{"rendered":"<div class=\"mh-excerpt\">M\u00e9s de 120 jugadores i jugadors van saltar a la pista de joc de l&#8217;Pavell\u00f3 de \u00abEl Planell\u00bb El Pavell\u00f3 Poliesportiu de &#8220;El Planell&#8221; de Bunyol va acollir Dissabte passat la presentaci\u00f3 dels equips de <a class=\"mh-excerpt-more\" href=\"https:\/\/www.tucomarca.com\/wordpress\/segunda\/ca\/fotogaleria-el-club-balonmano-bunyol-es-presenta-davant-laficio\/\" title=\"Fotogaleria: El Club Balonmano Bunyol es presenta davant l&#8217;afici\u00f3\">[+] <\/a><\/div>\n","protected":false},"author":12,"featured_media":97009,"comment_status":"open","ping_status":"open","sticky":false,"template":"","format":"standard","meta":{"footnotes":""},"categories":[10911,11003,10912,11009,10896],"tags":[11901],"class_list":{"0":"post-97036","1":"post","2":"type-post","3":"status-publish","4":"format-standard","5":"has-post-thumbnail","7":"category-bunol-ca","8":"category-sports","9":"category-la-hoya-ca","10":"category-polideportivo-ca","11":"category-seccion-ca","12":"tag-cb-bunol"},"_links":{"self":[{"href":"https:\/\/www.tucomarca.com\/wordpress\/segunda\/ca\/wp-json\/wp\/v2\/posts\/97036","targetHints":{"allow":["GET"]}}],"collection":[{"href":"https:\/\/www.tucomarca.com\/wordpress\/segunda\/ca\/wp-json\/wp\/v2\/posts"}],"about":[{"href":"https:\/\/www.tucomarca.com\/wordpress\/segunda\/ca\/wp-json\/wp\/v2\/types\/post"}],"author":[{"embeddable":true,"href":"https:\/\/www.tucomarca.com\/wordpress\/segunda\/ca\/wp-json\/wp\/v2\/users\/12"}],"replies":[{"embeddable":true,"href":"https:\/\/www.tucomarca.com\/wordpress\/segunda\/ca\/wp-json\/wp\/v2\/comments?post=97036"}],"version-history":[{"count":0,"href":"https:\/\/www.tucomarca.com\/wordpress\/segunda\/ca\/wp-json\/wp\/v2\/posts\/97036\/revisions"}],"wp:featuredmedia":[{"embeddable":true,"href":"https:\/\/www.tucomarca.com\/wordpress\/segunda\/ca\/wp-json\/wp\/v2\/media\/97009"}],"wp:attachment":[{"href":"https:\/\/www.tucomarca.com\/wordpress\/segunda\/ca\/wp-json\/wp\/v2\/media?parent=97036"}],"wp:term":[{"taxonomy":"category","embeddable":true,"href":"https:\/\/www.tucomarca.com\/wordpress\/segunda\/ca\/wp-json\/wp\/v2\/categories?post=97036"},{"taxonomy":"post_tag","embeddable":true,"href":"https:\/\/www.tucomarca.com\/wordpress\/segunda\/ca\/wp-json\/wp\/v2\/tags?post=97036"}],"curies":[{"name":"wp","href":"https:\/\/api.w.org\/{rel}","templated":true}]}}