{"id":97042,"date":"2019-12-05T21:34:18","date_gmt":"2019-12-05T19:34:18","guid":{"rendered":"http:\/\/www.tucomarca.com\/wordpress\/segunda\/?p=97042"},"modified":"2019-12-05T21:34:28","modified_gmt":"2019-12-05T19:34:28","slug":"el-vilamarxanter-xavier-jorge-nomenat-vicepresident-de-la-mancomunitat-camp-de-turia","status":"publish","type":"post","link":"https:\/\/www.tucomarca.com\/wordpress\/segunda\/ca\/el-vilamarxanter-xavier-jorge-nomenat-vicepresident-de-la-mancomunitat-camp-de-turia\/","title":{"rendered":"El vilamarxanter Xavier Jorge, nomenat vicepresident de la Mancomunitat Camp de T\u00faria"},"content":{"rendered":"\n<p>Xavier Jorge, primer tinent d&#8217;alcalde i regidor de les \u00e0rees de Personal, Turisme, Noves Tecnologies, Innovaci\u00f3 i Comunicaci\u00f3 de l&#8217;Ajuntament de Vilamarxant, ha sigut nomenat vicepresident de la Mancomunitat Camp de T\u00faria per als pr\u00f2xims quatre anys.<\/p>\n\n\n\n<p>El representant de Vilamarxant ostentar\u00e0 la vicepresid\u00e8ncia i assumir\u00e0 les \u00e0rees d&#8217;inform\u00e0tica, tecnologia i transpar\u00e8ncia despr\u00e9s de la designaci\u00f3 que es va fer efectiva ahir durant el ple de la Mancomunitat Camp de T\u00faria.<\/p>\n\n\n\n<p>Xavier Jorge ha mostrat el seu agra\u00efment per la confian\u00e7a depositada: \u201c\u00c9s una gran responsabilitat ser vicepresident de la Mancomunitat per\u00f2 \u00e9s algo que em motiva molt perqu\u00e8 podrem continuar treballant pels ve\u00efns de Vilamarxant des de la Mancomunitat\u201d.<\/p>\n\n\n\n<p>\u201cJa era un privilegi treballar per Vilamarxant. Ara \u00e9s una satisfacci\u00f3 poder posar en marxa nous projectes en l&#8217;\u00e0mbit de noves tecnologies i transpar\u00e8ncia en els quals tractarem d&#8217;ajudar a totes les persones del Camp de T\u00faria\u201d, ha afegit Jorge.<\/p>\n","protected":false},"excerpt":{"rendered":"<div class=\"mh-excerpt\">Xavier Jorge, primer tinent d&#8217;alcalde i regidor de les \u00e0rees de Personal, Turisme, Noves Tecnologies, Innovaci\u00f3 i Comunicaci\u00f3 de l&#8217;Ajuntament de Vilamarxant, ha sigut nomenat vicepresident de la Mancomunitat Camp de T\u00faria per als pr\u00f2xims <a class=\"mh-excerpt-more\" href=\"https:\/\/www.tucomarca.com\/wordpress\/segunda\/ca\/el-vilamarxanter-xavier-jorge-nomenat-vicepresident-de-la-mancomunitat-camp-de-turia\/\" title=\"El vilamarxanter Xavier Jorge, nomenat vicepresident de la Mancomunitat Camp de T\u00faria\">[+] <\/a><\/div>\n","protected":false},"author":12,"featured_media":97040,"comment_status":"open","ping_status":"open","sticky":false,"template":"","format":"standard","meta":{"footnotes":""},"categories":[10892,10898,10894,10947,10896,10927],"tags":[10322],"class_list":{"0":"post-97042","1":"post","2":"type-post","3":"status-publish","4":"format-standard","5":"has-post-thumbnail","7":"category-camp-de-turia-ca","8":"category-ventana-ca","9":"category-la-comarca-ca","10":"category-politica","11":"category-seccion-ca","12":"category-vilamarxant-ca","13":"tag-mancomunidad-camp-de-turia"},"_links":{"self":[{"href":"https:\/\/www.tucomarca.com\/wordpress\/segunda\/ca\/wp-json\/wp\/v2\/posts\/97042","targetHints":{"allow":["GET"]}}],"collection":[{"href":"https:\/\/www.tucomarca.com\/wordpress\/segunda\/ca\/wp-json\/wp\/v2\/posts"}],"about":[{"href":"https:\/\/www.tucomarca.com\/wordpress\/segunda\/ca\/wp-json\/wp\/v2\/types\/post"}],"author":[{"embeddable":true,"href":"https:\/\/www.tucomarca.com\/wordpress\/segunda\/ca\/wp-json\/wp\/v2\/users\/12"}],"replies":[{"embeddable":true,"href":"https:\/\/www.tucomarca.com\/wordpress\/segunda\/ca\/wp-json\/wp\/v2\/comments?post=97042"}],"version-history":[{"count":0,"href":"https:\/\/www.tucomarca.com\/wordpress\/segunda\/ca\/wp-json\/wp\/v2\/posts\/97042\/revisions"}],"wp:featuredmedia":[{"embeddable":true,"href":"https:\/\/www.tucomarca.com\/wordpress\/segunda\/ca\/wp-json\/wp\/v2\/media\/97040"}],"wp:attachment":[{"href":"https:\/\/www.tucomarca.com\/wordpress\/segunda\/ca\/wp-json\/wp\/v2\/media?parent=97042"}],"wp:term":[{"taxonomy":"category","embeddable":true,"href":"https:\/\/www.tucomarca.com\/wordpress\/segunda\/ca\/wp-json\/wp\/v2\/categories?post=97042"},{"taxonomy":"post_tag","embeddable":true,"href":"https:\/\/www.tucomarca.com\/wordpress\/segunda\/ca\/wp-json\/wp\/v2\/tags?post=97042"}],"curies":[{"name":"wp","href":"https:\/\/api.w.org\/{rel}","templated":true}]}}