{"id":97048,"date":"2019-12-05T21:30:31","date_gmt":"2019-12-05T19:30:31","guid":{"rendered":"http:\/\/www.tucomarca.com\/wordpress\/segunda\/?p=97048"},"modified":"2019-12-05T21:30:40","modified_gmt":"2019-12-05T19:30:40","slug":"vilamarxant-finalitza-els-treballs-en-la-parcella-adjacent-a-la-bascula-per-a-millorar-laccessibilitat-dels-vehicles-agricoles","status":"publish","type":"post","link":"https:\/\/www.tucomarca.com\/wordpress\/segunda\/ca\/vilamarxant-finalitza-els-treballs-en-la-parcella-adjacent-a-la-bascula-per-a-millorar-laccessibilitat-dels-vehicles-agricoles\/","title":{"rendered":"Vilamarxant finalitza els treballs en la parcel\u00b7la adjacent a la b\u00e0scula per a millorar l&#8217;accessibilitat dels vehicles agr\u00edcoles"},"content":{"rendered":"\n<p>L&#8217;Ajuntament de Vilamarxant ha finalitzat els treballs d&#8217;adequaci\u00f3 de la parcel\u00b7la adjacent a la b\u00e0scula municipal per a millorar l&#8217;accessibilitat dels vehicles agr\u00edcoles i camions que fan \u00fas d&#8217;ella.<\/p>\n\n\n\n<p>Estes actuacions, promogudes per la Regidoria d&#8217;Agricultura que dirigeix Ciro Ferrer, est\u00e0 emmarcada dins d&#8217;un pla municipal de millora de la b\u00e0scula perqu\u00e8 el servei siga \u00f2ptim per als usuaris.<\/p>\n\n\n\n<p>La parcel\u00b7la de 875 metres quadrats ha sigut condicionada perqu\u00e8 els vehicles agr\u00edcoles i de transport puguen accedir sense dificultats a la b\u00e0scula, una instal\u00b7laci\u00f3 fonamental per a un municipi com Vilamarxant en el qual l&#8217;agricultura est\u00e0 fortament arrelada.<\/p>\n","protected":false},"excerpt":{"rendered":"<div class=\"mh-excerpt\">L&#8217;Ajuntament de Vilamarxant ha finalitzat els treballs d&#8217;adequaci\u00f3 de la parcel\u00b7la adjacent a la b\u00e0scula municipal per a millorar l&#8217;accessibilitat dels vehicles agr\u00edcoles i camions que fan \u00fas d&#8217;ella. Estes actuacions, promogudes per la Regidoria <a class=\"mh-excerpt-more\" href=\"https:\/\/www.tucomarca.com\/wordpress\/segunda\/ca\/vilamarxant-finalitza-els-treballs-en-la-parcella-adjacent-a-la-bascula-per-a-millorar-laccessibilitat-dels-vehicles-agricoles\/\" title=\"Vilamarxant finalitza els treballs en la parcel\u00b7la adjacent a la b\u00e0scula per a millorar l&#8217;accessibilitat dels vehicles agr\u00edcoles\">[+] <\/a><\/div>\n","protected":false},"author":12,"featured_media":97046,"comment_status":"open","ping_status":"open","sticky":false,"template":"","format":"standard","meta":{"footnotes":""},"categories":[10905,10892,10898,10948,10894,10947,10896,10927],"tags":[10439],"class_list":{"0":"post-97048","1":"post","2":"type-post","3":"status-publish","4":"format-standard","5":"has-post-thumbnail","7":"category-agricultura-la-comarca-ca","8":"category-camp-de-turia-ca","9":"category-ventana-ca","10":"category-infraestructuras-ca","11":"category-la-comarca-ca","12":"category-politica","13":"category-seccion-ca","14":"category-vilamarxant-ca","15":"tag-vilamarxant"},"_links":{"self":[{"href":"https:\/\/www.tucomarca.com\/wordpress\/segunda\/ca\/wp-json\/wp\/v2\/posts\/97048","targetHints":{"allow":["GET"]}}],"collection":[{"href":"https:\/\/www.tucomarca.com\/wordpress\/segunda\/ca\/wp-json\/wp\/v2\/posts"}],"about":[{"href":"https:\/\/www.tucomarca.com\/wordpress\/segunda\/ca\/wp-json\/wp\/v2\/types\/post"}],"author":[{"embeddable":true,"href":"https:\/\/www.tucomarca.com\/wordpress\/segunda\/ca\/wp-json\/wp\/v2\/users\/12"}],"replies":[{"embeddable":true,"href":"https:\/\/www.tucomarca.com\/wordpress\/segunda\/ca\/wp-json\/wp\/v2\/comments?post=97048"}],"version-history":[{"count":0,"href":"https:\/\/www.tucomarca.com\/wordpress\/segunda\/ca\/wp-json\/wp\/v2\/posts\/97048\/revisions"}],"wp:featuredmedia":[{"embeddable":true,"href":"https:\/\/www.tucomarca.com\/wordpress\/segunda\/ca\/wp-json\/wp\/v2\/media\/97046"}],"wp:attachment":[{"href":"https:\/\/www.tucomarca.com\/wordpress\/segunda\/ca\/wp-json\/wp\/v2\/media?parent=97048"}],"wp:term":[{"taxonomy":"category","embeddable":true,"href":"https:\/\/www.tucomarca.com\/wordpress\/segunda\/ca\/wp-json\/wp\/v2\/categories?post=97048"},{"taxonomy":"post_tag","embeddable":true,"href":"https:\/\/www.tucomarca.com\/wordpress\/segunda\/ca\/wp-json\/wp\/v2\/tags?post=97048"}],"curies":[{"name":"wp","href":"https:\/\/api.w.org\/{rel}","templated":true}]}}