{"id":97054,"date":"2019-12-05T21:28:05","date_gmt":"2019-12-05T19:28:05","guid":{"rendered":"http:\/\/www.tucomarca.com\/wordpress\/segunda\/?p=97054"},"modified":"2019-12-05T21:28:13","modified_gmt":"2019-12-05T19:28:13","slug":"aicu-fomenta-la-decoracio-nadalenca-en-els-comercos-dutiel-amb-el-concurs-daparadorisme-de-nadal-2019","status":"publish","type":"post","link":"https:\/\/www.tucomarca.com\/wordpress\/segunda\/ca\/aicu-fomenta-la-decoracio-nadalenca-en-els-comercos-dutiel-amb-el-concurs-daparadorisme-de-nadal-2019\/","title":{"rendered":"AICU fomenta la decoraci\u00f3 nadalenca en els comer\u00e7os d&#8217;Utiel amb el Concurs d&#8217;Aparadorisme de Nadal 2019"},"content":{"rendered":"\n<p><strong>L&#8217;Associaci\u00f3 d&#8217;Ind\u00fastria i Comer\u00e7 d&#8217;Utiel (AICU) premiar\u00e0 els comer\u00e7os utielanos que destaquin per l&#8217;originalitat i disseny dels seus aparadors. El termini d&#8217;inscripci\u00f3 finalitza el 17 de desembre<\/strong><\/p>\n\n\n\n<p>L&#8217;Associaci\u00f3 de l&#8217;Comer\u00e7 i la Ind\u00fastria d&#8217;Utiel (AICU), amb la col\u00b7laboraci\u00f3 de l&#8217;Ajuntament d&#8217;Utiel i l&#8217;AFIC de la Mancomunitat de l&#8217;Interior Terra de el Vi, organitza per vuit\u00e8 any consecutiu el Concurs d&#8217;Aparadorisme, Nadal 2019 &#8216;<br> Un any m\u00e9s, l&#8217;associaci\u00f3 de comerciants convoca aquest concurs amb l&#8217;objectiu de fomentar la decoraci\u00f3 nadalenca d&#8217;aparadors en els comer\u00e7os utielanos que traslladin un ambient festiu a l&#8217;municipi, propi d&#8217;aquest per\u00edode nadalenc.<br>Aquest concurs est\u00e0 dirigit a el petit comer\u00e7 i als locals de professionals en actiu que estiguin associats, per la qual cosa hauran d&#8217;estar localitzats a Utiel i formar part d&#8217;aquesta entitat. El termini d&#8217;inscripci\u00f3 finalitzar\u00e0 el 17 de desembre.<br><strong> Requisits participants Aparadorisme Nadal 2019<\/strong><br> Entre els requisits per formar part de l&#8217;concurs, els aparadors hauran d&#8217;estar muntats abans de l&#8217;17 de desembre i mantenir la decoraci\u00f3 fins al dia de Reis Mags amb la il\u00b7luminaci\u00f3 activa com a m\u00ednim fins a les 22.00 hores.<br>El jurat valorar\u00e0 l&#8217;originalitat, el colorit, la il\u00b7luminaci\u00f3 i el disseny en conjunt dels aparadors presentats a concurs, atorgant un premi per cada categoria establerta: Premi a l&#8217;originalitat i innovaci\u00f3; a l&#8217;exposici\u00f3 del producte i a la millor il\u00b7luminaci\u00f3 i colorit.<br> Els comer\u00e7os guanyadors rebran un document de reconeixement i se&#8217;ls obsequiar\u00e0 amb una difusi\u00f3 publicit\u00e0ria radiof\u00f2nica, per un valor de 80 euros, durant la campanya de Nadal.<br><strong> Inscripcions fins el 17 de desembre<\/strong><br> Els locals que vulguin participar en el &#8220;VIII Concurs d&#8217;Aparadorisme Nadal 2019&#8221; poden inscriure fins al 17 de desembre a la seu de la Mancomunitat de l&#8217;Interior Terra de el Vi ubicada al carrer Adarve n\u00ba5 d&#8217;Utiel. Les Bases de el Concurs i el model de sol\u00b7licitud es poden descarregar a la p\u00e0gina web de l&#8217;Ajuntament d&#8217;Utiel www.utiel.es<\/p>\n","protected":false},"excerpt":{"rendered":"<div class=\"mh-excerpt\">L&#8217;Associaci\u00f3 d&#8217;Ind\u00fastria i Comer\u00e7 d&#8217;Utiel (AICU) premiar\u00e0 els comer\u00e7os utielanos que destaquin per l&#8217;originalitat i disseny dels seus aparadors. El termini d&#8217;inscripci\u00f3 finalitza el 17 de desembre L&#8217;Associaci\u00f3 de l&#8217;Comer\u00e7 i la Ind\u00fastria d&#8217;Utiel (AICU), <a class=\"mh-excerpt-more\" href=\"https:\/\/www.tucomarca.com\/wordpress\/segunda\/ca\/aicu-fomenta-la-decoracio-nadalenca-en-els-comercos-dutiel-amb-el-concurs-daparadorisme-de-nadal-2019\/\" title=\"AICU fomenta la decoraci\u00f3 nadalenca en els comer\u00e7os d&#8217;Utiel amb el Concurs d&#8217;Aparadorisme de Nadal 2019\">[+] <\/a><\/div>\n","protected":false},"author":12,"featured_media":97053,"comment_status":"open","ping_status":"open","sticky":false,"template":"","format":"standard","meta":{"footnotes":""},"categories":[11019,10894,10909,10896,11059],"tags":[10389],"class_list":{"0":"post-97054","1":"post","2":"type-post","3":"status-publish","4":"format-standard","5":"has-post-thumbnail","7":"category-agenda-ca","8":"category-la-comarca-ca","9":"category-requena-utiel-ca","10":"category-seccion-ca","11":"category-utiel-ca","12":"tag-utiel"},"_links":{"self":[{"href":"https:\/\/www.tucomarca.com\/wordpress\/segunda\/ca\/wp-json\/wp\/v2\/posts\/97054","targetHints":{"allow":["GET"]}}],"collection":[{"href":"https:\/\/www.tucomarca.com\/wordpress\/segunda\/ca\/wp-json\/wp\/v2\/posts"}],"about":[{"href":"https:\/\/www.tucomarca.com\/wordpress\/segunda\/ca\/wp-json\/wp\/v2\/types\/post"}],"author":[{"embeddable":true,"href":"https:\/\/www.tucomarca.com\/wordpress\/segunda\/ca\/wp-json\/wp\/v2\/users\/12"}],"replies":[{"embeddable":true,"href":"https:\/\/www.tucomarca.com\/wordpress\/segunda\/ca\/wp-json\/wp\/v2\/comments?post=97054"}],"version-history":[{"count":0,"href":"https:\/\/www.tucomarca.com\/wordpress\/segunda\/ca\/wp-json\/wp\/v2\/posts\/97054\/revisions"}],"wp:featuredmedia":[{"embeddable":true,"href":"https:\/\/www.tucomarca.com\/wordpress\/segunda\/ca\/wp-json\/wp\/v2\/media\/97053"}],"wp:attachment":[{"href":"https:\/\/www.tucomarca.com\/wordpress\/segunda\/ca\/wp-json\/wp\/v2\/media?parent=97054"}],"wp:term":[{"taxonomy":"category","embeddable":true,"href":"https:\/\/www.tucomarca.com\/wordpress\/segunda\/ca\/wp-json\/wp\/v2\/categories?post=97054"},{"taxonomy":"post_tag","embeddable":true,"href":"https:\/\/www.tucomarca.com\/wordpress\/segunda\/ca\/wp-json\/wp\/v2\/tags?post=97054"}],"curies":[{"name":"wp","href":"https:\/\/api.w.org\/{rel}","templated":true}]}}