{"id":97159,"date":"2019-12-09T21:53:04","date_gmt":"2019-12-09T19:53:04","guid":{"rendered":"http:\/\/www.tucomarca.com\/wordpress\/segunda\/?p=97159"},"modified":"2019-12-09T21:53:13","modified_gmt":"2019-12-09T19:53:13","slug":"xest-impulsa-el-comerc-local-en-nadal","status":"publish","type":"post","link":"https:\/\/www.tucomarca.com\/wordpress\/segunda\/ca\/xest-impulsa-el-comerc-local-en-nadal\/","title":{"rendered":"Xest impulsa el comer\u00e7 local en Nadal"},"content":{"rendered":"\n<p>La regidoria de Comer\u00e7, en col\u00b7laboraci\u00f3 amb l&#8217;Associaci\u00f3 de Comerciants de Xest, ha posat en marxa una campanya de Nadal per incentivar les compres al petit i mitj\u00e0 comer\u00e7 local. A trav\u00e9s d&#8217;aquesta iniciativa, s&#8217;involucra tant a les pr\u00f2pies empreses com a la ciutadania, ja que, d&#8217;una banda s&#8217;ha convocat el ja tradicional concurs d&#8217;aparadorisme, amb dotze edicions a l&#8217;esquena; i per una altra, se celebrar\u00e0 un sorteig de sis premis de 200 euros per als ve\u00efns i ve\u00efns que facin les seues compres a Xest des del 11 de desembre fins al 4 de gener.<\/p>\n\n\n\n<p><strong>XII Concurs d&#8217;aparadorisme 2019<\/strong><\/p>\n\n\n\n<p>Les inscripcions per al concurs d&#8217;aparadorisme ja estan disponibles a les oficines de l&#8217;Ajuntament de Xest i podran presentar fins al 13 de desembre. Els comer\u00e7os participants optaran a guanyar algun dels cinc premis de 100 euros que es repartiran en base a criteris de valoraci\u00f3 referits a el disseny i la composici\u00f3, a l&#8217;colorit, la il\u00b7luminaci\u00f3, l&#8217;originalitat i a el disseny amb materials reciclats.<\/p>\n\n\n\n<p>La decisi\u00f3 de l&#8217;jurat s&#8217;emetr\u00e0 el mateix dia que es visiten els aparadors dels negocis participants, el dimarts 17 de d esembre.<\/p>\n\n\n\n<p><strong>Ja \u00e9s Nadal al comer\u00e7 de Xest<\/strong><\/p>\n\n\n\n<p>Sota el lema &#8220;Ja \u00e9s Nadal al comer\u00e7 de Xest&#8221;, el pr\u00f2xim 11 de desembre arrencar\u00e0 la campanya per potenciar les compres dins del municipi. Els establiments de Xest adherits a la campanya lliuraran als i les clientes seu tiquet de compra perqu\u00e8 ho emplenin amb el seu nom i tel\u00e8fon i el introdueixin en una urna propietat de el comer\u00e7.<\/p>\n\n\n\n<p>Es sortejaran tres premis de 200 euros a gastar en el comer\u00e7 de Xest; l&#8217;Ajuntament facilitar\u00e0 a les persones guanyadores un llistat dels comer\u00e7os participants i les instruccions de com bescanviar el seu premi. Els altres tres premis, patrocinats per l&#8217;Associaci\u00f3 de Comerciants de Xest, seran de 200 euros a gastar en els comer\u00e7os adherits a aquesta entitat. El sorteig es realitzar\u00e0 el divendres 10 de gener de 2020 en el Mercat Municipal.<\/p>\n","protected":false},"excerpt":{"rendered":"<div class=\"mh-excerpt\">La regidoria de Comer\u00e7, en col\u00b7laboraci\u00f3 amb l&#8217;Associaci\u00f3 de Comerciants de Xest, ha posat en marxa una campanya de Nadal per incentivar les compres al petit i mitj\u00e0 comer\u00e7 local. A trav\u00e9s d&#8217;aquesta iniciativa, s&#8217;involucra <a class=\"mh-excerpt-more\" href=\"https:\/\/www.tucomarca.com\/wordpress\/segunda\/ca\/xest-impulsa-el-comerc-local-en-nadal\/\" title=\"Xest impulsa el comer\u00e7 local en Nadal\">[+] <\/a><\/div>\n","protected":false},"author":12,"featured_media":97155,"comment_status":"open","ping_status":"open","sticky":false,"template":"","format":"standard","meta":{"footnotes":""},"categories":[11019,10912,10896,10974],"tags":[11071],"class_list":{"0":"post-97159","1":"post","2":"type-post","3":"status-publish","4":"format-standard","5":"has-post-thumbnail","7":"category-agenda-ca","8":"category-la-hoya-ca","9":"category-seccion-ca","10":"category-cheste-ca","11":"tag-cheste"},"_links":{"self":[{"href":"https:\/\/www.tucomarca.com\/wordpress\/segunda\/ca\/wp-json\/wp\/v2\/posts\/97159","targetHints":{"allow":["GET"]}}],"collection":[{"href":"https:\/\/www.tucomarca.com\/wordpress\/segunda\/ca\/wp-json\/wp\/v2\/posts"}],"about":[{"href":"https:\/\/www.tucomarca.com\/wordpress\/segunda\/ca\/wp-json\/wp\/v2\/types\/post"}],"author":[{"embeddable":true,"href":"https:\/\/www.tucomarca.com\/wordpress\/segunda\/ca\/wp-json\/wp\/v2\/users\/12"}],"replies":[{"embeddable":true,"href":"https:\/\/www.tucomarca.com\/wordpress\/segunda\/ca\/wp-json\/wp\/v2\/comments?post=97159"}],"version-history":[{"count":0,"href":"https:\/\/www.tucomarca.com\/wordpress\/segunda\/ca\/wp-json\/wp\/v2\/posts\/97159\/revisions"}],"wp:featuredmedia":[{"embeddable":true,"href":"https:\/\/www.tucomarca.com\/wordpress\/segunda\/ca\/wp-json\/wp\/v2\/media\/97155"}],"wp:attachment":[{"href":"https:\/\/www.tucomarca.com\/wordpress\/segunda\/ca\/wp-json\/wp\/v2\/media?parent=97159"}],"wp:term":[{"taxonomy":"category","embeddable":true,"href":"https:\/\/www.tucomarca.com\/wordpress\/segunda\/ca\/wp-json\/wp\/v2\/categories?post=97159"},{"taxonomy":"post_tag","embeddable":true,"href":"https:\/\/www.tucomarca.com\/wordpress\/segunda\/ca\/wp-json\/wp\/v2\/tags?post=97159"}],"curies":[{"name":"wp","href":"https:\/\/api.w.org\/{rel}","templated":true}]}}