{"id":97172,"date":"2019-12-08T08:08:16","date_gmt":"2019-12-08T06:08:16","guid":{"rendered":"http:\/\/www.tucomarca.com\/wordpress\/segunda\/?p=97172"},"modified":"2019-12-09T21:44:42","modified_gmt":"2019-12-09T19:44:42","slug":"el-meu-poble-la-meua-gent-el-meu-nadal-es-el-lema-de-la-campanya-de-nadal-de-lassociacio-de-comerciants-de-bunyol","status":"publish","type":"post","link":"https:\/\/www.tucomarca.com\/wordpress\/segunda\/ca\/el-meu-poble-la-meua-gent-el-meu-nadal-es-el-lema-de-la-campanya-de-nadal-de-lassociacio-de-comerciants-de-bunyol\/","title":{"rendered":"&#8220;El meu poble, la meua gent, el meu Nadal&#8221;, el lema de la Campanya de Nadal de l&#8217;Associaci\u00f3 de Comerciants de Bunyol"},"content":{"rendered":"\n<p> L&#8217;Associaci\u00f3 de comerciants de Bunyol ja t\u00e9 tot preparat per a la Campanya de Nadal de 2019. De l&#8217;13 de desembre a el 6 de gener, diferents activitats i concursos protagonitzaran les festes nadalenques.<\/p>\n\n\n\n<p>Aquest any com a principal atractiu es va a instal\u00b7lar una Fira de Nadal amb diverses atraccions infantils a preus populars amb matalassos, inflables \u2026 Estar\u00e0 disponible durant tota la campanya fins al 6 de gener.<\/p>\n\n\n\n<p>El dia 22 de desembre de 11,30h a 13,30h a la Pla\u00e7a Ramon i Cajal hi haur\u00e0 activitats de pintacares i globoflexia i la visita del Pare Noel. Hi haur\u00e0 tamb\u00e9 repartiment de amb la col\u00b7laboraci\u00f3 de la Falla Reis Cat\u00f2lics.<\/p>\n\n\n\n<p>El 26 de desembre el plat fort ser\u00e0 la celebraci\u00f3 de la II Gala de l&#8217;Comer\u00e7. Comen\u00e7ar\u00e0 a les 18h amb una Festa M\u00e0gica, on es lliuraran els premis de el concurs de dibuix. A partir de les 21h, hi haur\u00e0 un sopar per a tot el que vulgui assistir-hi, amb mon\u00f2leg, lliurament dels premis dels aparadors, sorteig de regals i sorteig de 4 escapades a Madrid: 2 entre els associats assistents participants en la campanya i 2 entre la resta d&#8217;assistents.<br>\nA la Festa M\u00e0gica els animadors es converteixen en Mags de l&#8217;Escola Hogwarts. Durant el desenvolupament d&#8217;aquesta festa es combinen els jocs amb trucs de m\u00e0gia perqu\u00e8 els nens participin activament i per descomptat tots els jocs que es desenvolupen no perden mai el tema central, desenvolupant pocions d&#8217;amor, jugant a l&#8217;Quidditch i realitzant vistosos trucs de M\u00e0gia . Per descomptat a el final d&#8217;aquesta festa hi haur\u00e0 grans sorpreses i els participants seran recompensats, sense oblidar el veritable protagonista de la mateixa.<\/p>\n\n\n\n<p>Es finalitzar\u00e0 la jornada amb la petita-disc, moment final on ballaran grans i menuts.<\/p>\n","protected":false},"excerpt":{"rendered":"<div class=\"mh-excerpt\">L&#8217;Associaci\u00f3 de comerciants de Bunyol ja t\u00e9 tot preparat per a la Campanya de Nadal de 2019. De l&#8217;13 de desembre a el 6 de gener, diferents activitats i concursos protagonitzaran les festes nadalenques. Aquest <a class=\"mh-excerpt-more\" href=\"https:\/\/www.tucomarca.com\/wordpress\/segunda\/ca\/el-meu-poble-la-meua-gent-el-meu-nadal-es-el-lema-de-la-campanya-de-nadal-de-lassociacio-de-comerciants-de-bunyol\/\" title=\"&#8220;El meu poble, la meua gent, el meu Nadal&#8221;, el lema de la Campanya de Nadal de l&#8217;Associaci\u00f3 de Comerciants de Bunyol\">[+] <\/a><\/div>\n","protected":false},"author":12,"featured_media":97169,"comment_status":"open","ping_status":"open","sticky":false,"template":"","format":"standard","meta":{"footnotes":""},"categories":[11019,10911,10912,10896],"tags":[10385,10913],"class_list":{"0":"post-97172","1":"post","2":"type-post","3":"status-publish","4":"format-standard","5":"has-post-thumbnail","7":"category-agenda-ca","8":"category-bunol-ca","9":"category-la-hoya-ca","10":"category-seccion-ca","11":"tag-bunol","12":"tag-bunol-ca"},"_links":{"self":[{"href":"https:\/\/www.tucomarca.com\/wordpress\/segunda\/ca\/wp-json\/wp\/v2\/posts\/97172","targetHints":{"allow":["GET"]}}],"collection":[{"href":"https:\/\/www.tucomarca.com\/wordpress\/segunda\/ca\/wp-json\/wp\/v2\/posts"}],"about":[{"href":"https:\/\/www.tucomarca.com\/wordpress\/segunda\/ca\/wp-json\/wp\/v2\/types\/post"}],"author":[{"embeddable":true,"href":"https:\/\/www.tucomarca.com\/wordpress\/segunda\/ca\/wp-json\/wp\/v2\/users\/12"}],"replies":[{"embeddable":true,"href":"https:\/\/www.tucomarca.com\/wordpress\/segunda\/ca\/wp-json\/wp\/v2\/comments?post=97172"}],"version-history":[{"count":0,"href":"https:\/\/www.tucomarca.com\/wordpress\/segunda\/ca\/wp-json\/wp\/v2\/posts\/97172\/revisions"}],"wp:featuredmedia":[{"embeddable":true,"href":"https:\/\/www.tucomarca.com\/wordpress\/segunda\/ca\/wp-json\/wp\/v2\/media\/97169"}],"wp:attachment":[{"href":"https:\/\/www.tucomarca.com\/wordpress\/segunda\/ca\/wp-json\/wp\/v2\/media?parent=97172"}],"wp:term":[{"taxonomy":"category","embeddable":true,"href":"https:\/\/www.tucomarca.com\/wordpress\/segunda\/ca\/wp-json\/wp\/v2\/categories?post=97172"},{"taxonomy":"post_tag","embeddable":true,"href":"https:\/\/www.tucomarca.com\/wordpress\/segunda\/ca\/wp-json\/wp\/v2\/tags?post=97172"}],"curies":[{"name":"wp","href":"https:\/\/api.w.org\/{rel}","templated":true}]}}