{"id":97194,"date":"2019-12-10T20:11:21","date_gmt":"2019-12-10T18:11:21","guid":{"rendered":"http:\/\/www.tucomarca.com\/wordpress\/segunda\/?p=97194"},"modified":"2019-12-10T20:11:30","modified_gmt":"2019-12-10T18:11:30","slug":"la-biblioteca-publica-de-bunyol-inicia-una-campanya-solidaria-durant-el-mes-de-desembre-en-collaboracio-amb-caritas","status":"publish","type":"post","link":"https:\/\/www.tucomarca.com\/wordpress\/segunda\/ca\/la-biblioteca-publica-de-bunyol-inicia-una-campanya-solidaria-durant-el-mes-de-desembre-en-collaboracio-amb-caritas\/","title":{"rendered":"La biblioteca p\u00fablica de Bunyol inicia una campanya solid\u00e0ria durant el mes de desembre en col\u00b7laboraci\u00f3 amb C\u00e1ritas"},"content":{"rendered":"\n<p>Aquest mes de desembre la Biblioteca P\u00fablica Municipal de Bu\u00f1ol &#8220;Cronista Fernando Galarza&#8221; comen\u00e7a una Campanya Solid\u00e0ria en col\u00b7laboraci\u00f3 amb C\u00e0ritas per recollir aliments no peribles per aix\u00ed donar suport a les fam\u00edlies m\u00e9s desfavorides de la nostra societat. <\/p>\n\n\n\n<p>D&#8217;aquesta manera, els usuaris que tingan sancions per retard en la devoluci\u00f3 dels llibres, podran canviar aquesta sanci\u00f3 a l&#8217;donar aliments a la Biblioteca: per 1kg d&#8217;aliments es traur\u00e0 1 mes de sanci\u00f3.<\/p>\n","protected":false},"excerpt":{"rendered":"<div class=\"mh-excerpt\">Aquest mes de desembre la Biblioteca P\u00fablica Municipal de Bu\u00f1ol &#8220;Cronista Fernando Galarza&#8221; comen\u00e7a una Campanya Solid\u00e0ria en col\u00b7laboraci\u00f3 amb C\u00e0ritas per recollir aliments no peribles per aix\u00ed donar suport a les fam\u00edlies m\u00e9s desfavorides <a class=\"mh-excerpt-more\" href=\"https:\/\/www.tucomarca.com\/wordpress\/segunda\/ca\/la-biblioteca-publica-de-bunyol-inicia-una-campanya-solidaria-durant-el-mes-de-desembre-en-collaboracio-amb-caritas\/\" title=\"La biblioteca p\u00fablica de Bunyol inicia una campanya solid\u00e0ria durant el mes de desembre en col\u00b7laboraci\u00f3 amb C\u00e1ritas\">[+] <\/a><\/div>\n","protected":false},"author":12,"featured_media":97191,"comment_status":"open","ping_status":"open","sticky":false,"template":"","format":"standard","meta":{"footnotes":""},"categories":[11019,10911,10912,10896],"tags":[10385],"class_list":{"0":"post-97194","1":"post","2":"type-post","3":"status-publish","4":"format-standard","5":"has-post-thumbnail","7":"category-agenda-ca","8":"category-bunol-ca","9":"category-la-hoya-ca","10":"category-seccion-ca","11":"tag-bunol"},"_links":{"self":[{"href":"https:\/\/www.tucomarca.com\/wordpress\/segunda\/ca\/wp-json\/wp\/v2\/posts\/97194","targetHints":{"allow":["GET"]}}],"collection":[{"href":"https:\/\/www.tucomarca.com\/wordpress\/segunda\/ca\/wp-json\/wp\/v2\/posts"}],"about":[{"href":"https:\/\/www.tucomarca.com\/wordpress\/segunda\/ca\/wp-json\/wp\/v2\/types\/post"}],"author":[{"embeddable":true,"href":"https:\/\/www.tucomarca.com\/wordpress\/segunda\/ca\/wp-json\/wp\/v2\/users\/12"}],"replies":[{"embeddable":true,"href":"https:\/\/www.tucomarca.com\/wordpress\/segunda\/ca\/wp-json\/wp\/v2\/comments?post=97194"}],"version-history":[{"count":0,"href":"https:\/\/www.tucomarca.com\/wordpress\/segunda\/ca\/wp-json\/wp\/v2\/posts\/97194\/revisions"}],"wp:featuredmedia":[{"embeddable":true,"href":"https:\/\/www.tucomarca.com\/wordpress\/segunda\/ca\/wp-json\/wp\/v2\/media\/97191"}],"wp:attachment":[{"href":"https:\/\/www.tucomarca.com\/wordpress\/segunda\/ca\/wp-json\/wp\/v2\/media?parent=97194"}],"wp:term":[{"taxonomy":"category","embeddable":true,"href":"https:\/\/www.tucomarca.com\/wordpress\/segunda\/ca\/wp-json\/wp\/v2\/categories?post=97194"},{"taxonomy":"post_tag","embeddable":true,"href":"https:\/\/www.tucomarca.com\/wordpress\/segunda\/ca\/wp-json\/wp\/v2\/tags?post=97194"}],"curies":[{"name":"wp","href":"https:\/\/api.w.org\/{rel}","templated":true}]}}