{"id":97215,"date":"2019-12-10T19:34:31","date_gmt":"2019-12-10T17:34:31","guid":{"rendered":"http:\/\/www.tucomarca.com\/wordpress\/segunda\/?p=97215"},"modified":"2019-12-10T19:34:40","modified_gmt":"2019-12-10T17:34:40","slug":"lequip-especific-dintervencio-en-la-infancia-i-ladolescencia-ofereix-dos-tallers-gratuits-dirigits-a-families-a-utiel","status":"publish","type":"post","link":"https:\/\/www.tucomarca.com\/wordpress\/segunda\/ca\/lequip-especific-dintervencio-en-la-infancia-i-ladolescencia-ofereix-dos-tallers-gratuits-dirigits-a-families-a-utiel\/","title":{"rendered":"L&#8217;Equip Espec\u00edfic d&#8217;Intervenci\u00f3 en la Inf\u00e0ncia i l&#8217;Adolesc\u00e8ncia ofereix dos tallers gratu\u00efts dirigits a fam\u00edlies a Utiel"},"content":{"rendered":"\n<p><strong>Amb l&#8217;objectiu de facilitar les estrat\u00e8gies i els recursos necessaris que permetin l&#8217;actuaci\u00f3 i prevenci\u00f3 de conductes de risc en l&#8217;ambient familiar<\/strong><\/p>\n\n\n\n<p>L&#8217;Equip Espec\u00edfic d&#8217;Intervenci\u00f3 en la Inf\u00e0ncia i l&#8217;Adolesc\u00e8ncia (E.E.I.I.A.) de la Mancomunitat de l&#8217;Interior oferir\u00e0, de manera gratu\u00efta, dos tallers de divulgaci\u00f3 i formaci\u00f3 en mat\u00e8ria d&#8217;educaci\u00f3 i prevenci\u00f3 adre\u00e7ats a fam\u00edlies.<br> El primer taller, titulat &#8216;Nosaltres, mares i pares&#8217;, se celebrar\u00e0 el dimarts 10 de desembre en horari de 17 a 19 hores i tractar\u00e0 temes com el relleu generacional, la parentalitat positiva i responsable, la pr\u00e0ctica de la intel\u00b7lig\u00e8ncia emocional en l&#8217;\u00e0mbit familiar, l&#8217;atenci\u00f3 plena o la nova forma de comunicar-nos.<\/p>\n\n\n\n<p>El segon taller, &#8216;Un acostament a les drogues&#8217;, tindr\u00e0 lloc el dimarts 17 de desembre en horari de 17 a 19 hores i girar\u00e0 entorn a conceptes b\u00e0sics sobre drogues, les seues conseq\u00fc\u00e8ncies o de com dialogar sobre elles en l&#8217;ambient familiar.<\/p>\n\n\n\n<p>Tots dos tallers es celebraran a la seu de la Mancomunitat de l&#8217;Interior (C \/ Adarve, 5 de Utiel) i estan dirigits a qualsevol pare o mare interessat en con\u00e8ixer o aprofundir en les possibilitats d&#8217;actuaci\u00f3 preventiva en la seua fam\u00edlia.<\/p>\n\n\n\n<p>Els objectius d&#8217;aquestes accions passen per afavorir la presa de consci\u00e8ncia sobre l&#8217;\u00e0mplia capacitat d&#8217;influ\u00e8ncia que t\u00e9 la fam\u00edlia sobre els seus fills i filles en mat\u00e8ria d&#8217;educaci\u00f3 i prevenci\u00f3 de conductes de risc; aix\u00ed com de facilitar a les fam\u00edlies d&#8217;estrat\u00e8gies i recursos que permetin actuacions educatives i preventives d&#8217;una manera adequada.<\/p>\n\n\n\n<p><br><\/p>\n","protected":false},"excerpt":{"rendered":"<div class=\"mh-excerpt\">Amb l&#8217;objectiu de facilitar les estrat\u00e8gies i els recursos necessaris que permetin l&#8217;actuaci\u00f3 i prevenci\u00f3 de conductes de risc en l&#8217;ambient familiar L&#8217;Equip Espec\u00edfic d&#8217;Intervenci\u00f3 en la Inf\u00e0ncia i l&#8217;Adolesc\u00e8ncia (E.E.I.I.A.) de la Mancomunitat de <a class=\"mh-excerpt-more\" href=\"https:\/\/www.tucomarca.com\/wordpress\/segunda\/ca\/lequip-especific-dintervencio-en-la-infancia-i-ladolescencia-ofereix-dos-tallers-gratuits-dirigits-a-families-a-utiel\/\" title=\"L&#8217;Equip Espec\u00edfic d&#8217;Intervenci\u00f3 en la Inf\u00e0ncia i l&#8217;Adolesc\u00e8ncia ofereix dos tallers gratu\u00efts dirigits a fam\u00edlies a Utiel\">[+] <\/a><\/div>\n","protected":false},"author":12,"featured_media":97214,"comment_status":"open","ping_status":"open","sticky":false,"template":"","format":"standard","meta":{"footnotes":""},"categories":[11019,10894,10909,10896,11059],"tags":[10389],"class_list":{"0":"post-97215","1":"post","2":"type-post","3":"status-publish","4":"format-standard","5":"has-post-thumbnail","7":"category-agenda-ca","8":"category-la-comarca-ca","9":"category-requena-utiel-ca","10":"category-seccion-ca","11":"category-utiel-ca","12":"tag-utiel"},"_links":{"self":[{"href":"https:\/\/www.tucomarca.com\/wordpress\/segunda\/ca\/wp-json\/wp\/v2\/posts\/97215","targetHints":{"allow":["GET"]}}],"collection":[{"href":"https:\/\/www.tucomarca.com\/wordpress\/segunda\/ca\/wp-json\/wp\/v2\/posts"}],"about":[{"href":"https:\/\/www.tucomarca.com\/wordpress\/segunda\/ca\/wp-json\/wp\/v2\/types\/post"}],"author":[{"embeddable":true,"href":"https:\/\/www.tucomarca.com\/wordpress\/segunda\/ca\/wp-json\/wp\/v2\/users\/12"}],"replies":[{"embeddable":true,"href":"https:\/\/www.tucomarca.com\/wordpress\/segunda\/ca\/wp-json\/wp\/v2\/comments?post=97215"}],"version-history":[{"count":0,"href":"https:\/\/www.tucomarca.com\/wordpress\/segunda\/ca\/wp-json\/wp\/v2\/posts\/97215\/revisions"}],"wp:featuredmedia":[{"embeddable":true,"href":"https:\/\/www.tucomarca.com\/wordpress\/segunda\/ca\/wp-json\/wp\/v2\/media\/97214"}],"wp:attachment":[{"href":"https:\/\/www.tucomarca.com\/wordpress\/segunda\/ca\/wp-json\/wp\/v2\/media?parent=97215"}],"wp:term":[{"taxonomy":"category","embeddable":true,"href":"https:\/\/www.tucomarca.com\/wordpress\/segunda\/ca\/wp-json\/wp\/v2\/categories?post=97215"},{"taxonomy":"post_tag","embeddable":true,"href":"https:\/\/www.tucomarca.com\/wordpress\/segunda\/ca\/wp-json\/wp\/v2\/tags?post=97215"}],"curies":[{"name":"wp","href":"https:\/\/api.w.org\/{rel}","templated":true}]}}