{"id":97224,"date":"2019-12-10T21:46:28","date_gmt":"2019-12-10T19:46:28","guid":{"rendered":"http:\/\/www.tucomarca.com\/wordpress\/segunda\/?p=97224"},"modified":"2019-12-10T21:46:35","modified_gmt":"2019-12-10T19:46:35","slug":"lajuntament-de-tuejar-renova-la-base-de-la-brigada-forestal-de-divalterra-en-el-municipi","status":"publish","type":"post","link":"https:\/\/www.tucomarca.com\/wordpress\/segunda\/ca\/lajuntament-de-tuejar-renova-la-base-de-la-brigada-forestal-de-divalterra-en-el-municipi\/","title":{"rendered":"L&#8217;Ajuntament de Tu\u00e9jar renova la base de la brigada forestal de Divalterra en el municipi"},"content":{"rendered":"\n<figure class=\"wp-block-image\"><img loading=\"lazy\" decoding=\"async\" width=\"1024\" height=\"684\" src=\"http:\/\/www.tucomarca.com\/wordpress\/segunda\/wp-content\/uploads\/2019\/12\/Tuejar-1024x684.jpg\" alt=\"Con las reformas ejecutadas, el local cedido por el consistorio se adapta a la normativa legal que establece las condiciones m\u00ednimas de seguridad y salud en los lugares de trabajo.\" class=\"wp-image-97221\" srcset=\"https:\/\/www.tucomarca.com\/wordpress\/segunda\/wp-content\/uploads\/2019\/12\/Tuejar-1024x684.jpg 1024w, https:\/\/www.tucomarca.com\/wordpress\/segunda\/wp-content\/uploads\/2019\/12\/Tuejar-300x201.jpg 300w, https:\/\/www.tucomarca.com\/wordpress\/segunda\/wp-content\/uploads\/2019\/12\/Tuejar-768x513.jpg 768w, https:\/\/www.tucomarca.com\/wordpress\/segunda\/wp-content\/uploads\/2019\/12\/Tuejar.jpg 1984w\" sizes=\"auto, (max-width: 1024px) 100vw, 1024px\" \/><figcaption>Amb les reformes executades, el local cedit pel consistori s&#8217;adapta a la normativa legal que establix les condicions m\u00ednimes de seguretat i salut en els llocs de treball.<\/figcaption><\/figure>\n\n\n\n<p>L&#8217;Ajuntament de Tu\u00e9jar ha finalitzat la reforma integral de la base de la brigada forestal de la Diputaci\u00f3 de Val\u00e8ncia, situada en l&#8217;antiga Casa Forestal del municipi.<\/p>\n\n\n\n<p>Amb esta actuaci\u00f3, que ha suposat una inversi\u00f3 pr\u00f2xima als 30.000 euros, el local cedit pel consistori s&#8217;adapta a la normativa legal vigent que recull les normes m\u00ednimes que han de complir els llocs de treball per a garantir l&#8217;adequada protecci\u00f3 dels treballadors.<\/p>\n\n\n\n<p>La inversi\u00f3 realitzada per l&#8217;Ajuntament dota a la brigada de Divalterra d&#8217;un espai di\u00e0fan per a guardar el vehicle i les eines de treball, a m\u00e9s d&#8217;una sala de reunions equipada amb cuina.<\/p>\n\n\n\n<p>Aix\u00ed mateix, s&#8217;han constru\u00eft banys separats per a homes i dones, amb les seues respectives dutxes, i s&#8217;ha col\u00b7locat un armari de seguretat per a combustibles. El local compta amb un acc\u00e9s per a vehicles mitjan\u00e7ant porta el\u00e8ctrica i manual i dues portes per a l&#8217;entrada a peu.<\/p>\n\n\n\n<p>L&#8217;adequaci\u00f3 es completar\u00e0 amb la senyalitzaci\u00f3 dels diferents espais del local i la col\u00b7locaci\u00f3 dels equips de protecci\u00f3 contra incendis necessaris.<\/p>\n\n\n\n<p>La renovaci\u00f3 integral d&#8217;este immoble, propietat de l&#8217;Ajuntament de Tu\u00e9jar, s&#8217;emmarca en el proc\u00e9s d&#8217;adequaci\u00f3 de totes les bases de les brigades forestals per a adequar-se als requisits que exigix la normativa vigent a trav\u00e9s del Reial decret 486\/1997.&nbsp;<\/p>\n","protected":false},"excerpt":{"rendered":"<div class=\"mh-excerpt\">L&#8217;Ajuntament de Tu\u00e9jar ha finalitzat la reforma integral de la base de la brigada forestal de la Diputaci\u00f3 de Val\u00e8ncia, situada en l&#8217;antiga Casa Forestal del municipi. Amb esta actuaci\u00f3, que ha suposat una inversi\u00f3 <a class=\"mh-excerpt-more\" href=\"https:\/\/www.tucomarca.com\/wordpress\/segunda\/ca\/lajuntament-de-tuejar-renova-la-base-de-la-brigada-forestal-de-divalterra-en-el-municipi\/\" title=\"L&#8217;Ajuntament de Tu\u00e9jar renova la base de la brigada forestal de Divalterra en el municipi\">[+] <\/a><\/div>\n","protected":false},"author":1,"featured_media":97219,"comment_status":"open","ping_status":"open","sticky":false,"template":"","format":"standard","meta":{"footnotes":""},"categories":[11046,10898,10948,10894,10903,10947,10896,11028],"tags":[10400,11080],"class_list":{"0":"post-97224","1":"post","2":"type-post","3":"status-publish","4":"format-standard","5":"has-post-thumbnail","7":"category-los-serranos-ca","8":"category-ventana-ca","9":"category-infraestructuras-ca","10":"category-la-comarca-ca","11":"category-medio-ambiente-la-comarca-ca","12":"category-politica","13":"category-seccion-ca","14":"category-tuejar-ca","15":"tag-los-serranos","16":"tag-los-serranos-ca"},"_links":{"self":[{"href":"https:\/\/www.tucomarca.com\/wordpress\/segunda\/ca\/wp-json\/wp\/v2\/posts\/97224","targetHints":{"allow":["GET"]}}],"collection":[{"href":"https:\/\/www.tucomarca.com\/wordpress\/segunda\/ca\/wp-json\/wp\/v2\/posts"}],"about":[{"href":"https:\/\/www.tucomarca.com\/wordpress\/segunda\/ca\/wp-json\/wp\/v2\/types\/post"}],"author":[{"embeddable":true,"href":"https:\/\/www.tucomarca.com\/wordpress\/segunda\/ca\/wp-json\/wp\/v2\/users\/1"}],"replies":[{"embeddable":true,"href":"https:\/\/www.tucomarca.com\/wordpress\/segunda\/ca\/wp-json\/wp\/v2\/comments?post=97224"}],"version-history":[{"count":0,"href":"https:\/\/www.tucomarca.com\/wordpress\/segunda\/ca\/wp-json\/wp\/v2\/posts\/97224\/revisions"}],"wp:featuredmedia":[{"embeddable":true,"href":"https:\/\/www.tucomarca.com\/wordpress\/segunda\/ca\/wp-json\/wp\/v2\/media\/97219"}],"wp:attachment":[{"href":"https:\/\/www.tucomarca.com\/wordpress\/segunda\/ca\/wp-json\/wp\/v2\/media?parent=97224"}],"wp:term":[{"taxonomy":"category","embeddable":true,"href":"https:\/\/www.tucomarca.com\/wordpress\/segunda\/ca\/wp-json\/wp\/v2\/categories?post=97224"},{"taxonomy":"post_tag","embeddable":true,"href":"https:\/\/www.tucomarca.com\/wordpress\/segunda\/ca\/wp-json\/wp\/v2\/tags?post=97224"}],"curies":[{"name":"wp","href":"https:\/\/api.w.org\/{rel}","templated":true}]}}