{"id":97258,"date":"2019-12-11T19:12:42","date_gmt":"2019-12-11T17:12:42","guid":{"rendered":"http:\/\/www.tucomarca.com\/wordpress\/segunda\/?p=97258"},"modified":"2019-12-11T19:12:50","modified_gmt":"2019-12-11T17:12:50","slug":"antoni-such-es-reuneix-amb-lalcalde-de-xera-per-establir-les-bases-de-collaboracio-entre-la-generalitat-i-aquest-ajuntament","status":"publish","type":"post","link":"https:\/\/www.tucomarca.com\/wordpress\/segunda\/ca\/antoni-such-es-reuneix-amb-lalcalde-de-xera-per-establir-les-bases-de-collaboracio-entre-la-generalitat-i-aquest-ajuntament\/","title":{"rendered":"Antoni Such es reuneix amb l&#8217;alcalde de Xera per establir les bases de col\u00b7laboraci\u00f3 entre la Generalitat i aquest ajuntament"},"content":{"rendered":"\n<p>El director general d&#8217;Administraci\u00f3 Local, Antoni Such, s&#8217;ha reunit amb l&#8217;alcalde de Xera, Alejandro Porter, acompanyat del regidor Toni Quintana, per establir les bases de la col\u00b7laboraci\u00f3 entre la Generalitat i aquest ajuntament, aix\u00ed com con\u00e8ixer les necessitats del municipi.<\/p>\n\n\n\n<p>Such s&#8217;ha mostrat molt satisfet de la trobada i l&#8217;ha qualificat de &#8220;fruct\u00edfer&#8221;. Aix\u00ed mateix, ha assegurat que l&#8217;Ajuntament de Chera comptar\u00e0 en breu amb un o una secret\u00e0ria d&#8217;intervenci\u00f3, gr\u00e0cies a la borsa de personal funcionarial que la Generalitat t\u00e9 habilitada per a aquests fins, i que gestiona la Direcci\u00f3 General d&#8217;Administraci\u00f3 Local de la Generalitat.<\/p>\n\n\n\n<p>La finalitat d&#8217;aquesta borsa \u00e9s oferir als ajuntaments &#8220;especialment als m\u00e9s petits&#8221; -ha destacat Such- personal que cobreixi les funcions inherents a una secret\u00e0ria d&#8217;Intervenci\u00f3.<\/p>\n\n\n\n<p>D&#8217;altra banda, el director general ha subratllat com un fet positiu &#8220;el sanejament econ\u00f2mic d&#8217;aquest ajuntament, a causa de&#8221; la seva eficient gesti\u00f3, que contrasta amb l&#8217;enorme endeutament que va mantenir fa anys &#8220;.<\/p>\n","protected":false},"excerpt":{"rendered":"<div class=\"mh-excerpt\">El director general d&#8217;Administraci\u00f3 Local, Antoni Such, s&#8217;ha reunit amb l&#8217;alcalde de Xera, Alejandro Porter, acompanyat del regidor Toni Quintana, per establir les bases de la col\u00b7laboraci\u00f3 entre la Generalitat i aquest ajuntament, aix\u00ed com <a class=\"mh-excerpt-more\" href=\"https:\/\/www.tucomarca.com\/wordpress\/segunda\/ca\/antoni-such-es-reuneix-amb-lalcalde-de-xera-per-establir-les-bases-de-collaboracio-entre-la-generalitat-i-aquest-ajuntament\/\" title=\"Antoni Such es reuneix amb l&#8217;alcalde de Xera per establir les bases de col\u00b7laboraci\u00f3 entre la Generalitat i aquest ajuntament\">[+] <\/a><\/div>\n","protected":false},"author":1,"featured_media":97256,"comment_status":"open","ping_status":"open","sticky":false,"template":"","format":"standard","meta":{"footnotes":""},"categories":[11054,10898,10948,10894,10947,10909,10896],"tags":[10387],"class_list":{"0":"post-97258","1":"post","2":"type-post","3":"status-publish","4":"format-standard","5":"has-post-thumbnail","7":"category-chera-ca","8":"category-ventana-ca","9":"category-infraestructuras-ca","10":"category-la-comarca-ca","11":"category-politica","12":"category-requena-utiel-ca","13":"category-seccion-ca","14":"tag-requena-utiel"},"_links":{"self":[{"href":"https:\/\/www.tucomarca.com\/wordpress\/segunda\/ca\/wp-json\/wp\/v2\/posts\/97258","targetHints":{"allow":["GET"]}}],"collection":[{"href":"https:\/\/www.tucomarca.com\/wordpress\/segunda\/ca\/wp-json\/wp\/v2\/posts"}],"about":[{"href":"https:\/\/www.tucomarca.com\/wordpress\/segunda\/ca\/wp-json\/wp\/v2\/types\/post"}],"author":[{"embeddable":true,"href":"https:\/\/www.tucomarca.com\/wordpress\/segunda\/ca\/wp-json\/wp\/v2\/users\/1"}],"replies":[{"embeddable":true,"href":"https:\/\/www.tucomarca.com\/wordpress\/segunda\/ca\/wp-json\/wp\/v2\/comments?post=97258"}],"version-history":[{"count":0,"href":"https:\/\/www.tucomarca.com\/wordpress\/segunda\/ca\/wp-json\/wp\/v2\/posts\/97258\/revisions"}],"wp:featuredmedia":[{"embeddable":true,"href":"https:\/\/www.tucomarca.com\/wordpress\/segunda\/ca\/wp-json\/wp\/v2\/media\/97256"}],"wp:attachment":[{"href":"https:\/\/www.tucomarca.com\/wordpress\/segunda\/ca\/wp-json\/wp\/v2\/media?parent=97258"}],"wp:term":[{"taxonomy":"category","embeddable":true,"href":"https:\/\/www.tucomarca.com\/wordpress\/segunda\/ca\/wp-json\/wp\/v2\/categories?post=97258"},{"taxonomy":"post_tag","embeddable":true,"href":"https:\/\/www.tucomarca.com\/wordpress\/segunda\/ca\/wp-json\/wp\/v2\/tags?post=97258"}],"curies":[{"name":"wp","href":"https:\/\/api.w.org\/{rel}","templated":true}]}}