{"id":97270,"date":"2019-12-11T20:18:22","date_gmt":"2019-12-11T18:18:22","guid":{"rendered":"http:\/\/www.tucomarca.com\/wordpress\/segunda\/?p=97270"},"modified":"2019-12-11T20:18:32","modified_gmt":"2019-12-11T18:18:32","slug":"la-generalitat-obre-les-installacions-de-metrovalencia-a-collegi-doctor-corachan-de-xiva","status":"publish","type":"post","link":"https:\/\/www.tucomarca.com\/wordpress\/segunda\/ca\/la-generalitat-obre-les-installacions-de-metrovalencia-a-collegi-doctor-corachan-de-xiva\/","title":{"rendered":"La Generalitat obre les instal\u00b7lacions de Metrovalencia a Col\u00b7legi Doctor Corach\u00e1n de Xiva"},"content":{"rendered":"\n<p>La Generalitat ha obert les instal\u00b7lacions de Metrovalencia a Col\u00b7legi Doctor Corach\u00e1n de Xiva en una nova visita corresponent a el programa Metroescola, iniciativa de Ferrocarrils de la Generalitat (FGV) que facilita l&#8217;acc\u00e9s a la xarxa de metro i tramvia a escolars de la prov\u00edncia de Val\u00e8ncia .<\/p>\n\n\n\n<p>Els 39 alumnes de 1r d&#8217;Educaci\u00f3 Prim\u00e0ria han protagonitzat aquesta activitat educativa amb l&#8217;objectiu que els escolars coneguin el funcionament de la xarxa i valorin la import\u00e0ncia de l&#8217;transport p\u00fablic en general, i de metro i tramvia en particular, aix\u00ed com els seus beneficis Pel que fa a el transport privat.<\/p>\n\n\n\n<p>Metroescola est\u00e0 dirigit a escolars pertanyents a l&#8217;cicle de Prim\u00e0ria. Aquestes visites educatives es presenten com un complement de l&#8217;proc\u00e9s de formaci\u00f3 de l&#8217;alumnat i permeten destacar la import\u00e0ncia que t\u00e9 el transport p\u00fablic en el desenvolupament sostenible de les grans ciutats com a alternativa a el vehicle privat.<\/p>\n\n\n\n<p>La visita ha comen\u00e7at a la seu de FGV, Val\u00e8ncia Sud, on se&#8217;ls ha explicat qu\u00e8 \u00e9s i qu\u00e8 fa FGV, com funciona, el tipus d&#8217;estacions i parades amb les que compta i els trens i tramvies de qu\u00e8 disposa.<\/p>\n\n\n\n<p>Posteriorment, han visitat el lloc de comandament per con\u00e8ixer el sistema de funcionament i control de la circulaci\u00f3 de trens i tramvies per la xarxa, el sistema de seguretat de l&#8217;empresa i el centre d&#8217;atenci\u00f3 a l&#8217;viatger.<\/p>\n\n\n\n<p>Despr\u00e9s de visitar el taller i con\u00e8ixer el proc\u00e9s de manteniment dels trens, han pujat a una de les unitats en servei per con\u00e8ixer com funciona i les seves caracter\u00edstiques.<\/p>\n","protected":false},"excerpt":{"rendered":"<div class=\"mh-excerpt\">La Generalitat ha obert les instal\u00b7lacions de Metrovalencia a Col\u00b7legi Doctor Corach\u00e1n de Xiva en una nova visita corresponent a el programa Metroescola, iniciativa de Ferrocarrils de la Generalitat (FGV) que facilita l&#8217;acc\u00e9s a la <a class=\"mh-excerpt-more\" href=\"https:\/\/www.tucomarca.com\/wordpress\/segunda\/ca\/la-generalitat-obre-les-installacions-de-metrovalencia-a-collegi-doctor-corachan-de-xiva\/\" title=\"La Generalitat obre les instal\u00b7lacions de Metrovalencia a Col\u00b7legi Doctor Corach\u00e1n de Xiva\">[+] <\/a><\/div>\n","protected":false},"author":1,"featured_media":97267,"comment_status":"open","ping_status":"open","sticky":false,"template":"","format":"standard","meta":{"footnotes":""},"categories":[10894,10912,10896,10975],"tags":[5952],"class_list":{"0":"post-97270","1":"post","2":"type-post","3":"status-publish","4":"format-standard","5":"has-post-thumbnail","7":"category-la-comarca-ca","8":"category-la-hoya-ca","9":"category-seccion-ca","10":"category-chiva-ca","11":"tag-la-hoya-de-bunol-chiva"},"_links":{"self":[{"href":"https:\/\/www.tucomarca.com\/wordpress\/segunda\/ca\/wp-json\/wp\/v2\/posts\/97270","targetHints":{"allow":["GET"]}}],"collection":[{"href":"https:\/\/www.tucomarca.com\/wordpress\/segunda\/ca\/wp-json\/wp\/v2\/posts"}],"about":[{"href":"https:\/\/www.tucomarca.com\/wordpress\/segunda\/ca\/wp-json\/wp\/v2\/types\/post"}],"author":[{"embeddable":true,"href":"https:\/\/www.tucomarca.com\/wordpress\/segunda\/ca\/wp-json\/wp\/v2\/users\/1"}],"replies":[{"embeddable":true,"href":"https:\/\/www.tucomarca.com\/wordpress\/segunda\/ca\/wp-json\/wp\/v2\/comments?post=97270"}],"version-history":[{"count":0,"href":"https:\/\/www.tucomarca.com\/wordpress\/segunda\/ca\/wp-json\/wp\/v2\/posts\/97270\/revisions"}],"wp:featuredmedia":[{"embeddable":true,"href":"https:\/\/www.tucomarca.com\/wordpress\/segunda\/ca\/wp-json\/wp\/v2\/media\/97267"}],"wp:attachment":[{"href":"https:\/\/www.tucomarca.com\/wordpress\/segunda\/ca\/wp-json\/wp\/v2\/media?parent=97270"}],"wp:term":[{"taxonomy":"category","embeddable":true,"href":"https:\/\/www.tucomarca.com\/wordpress\/segunda\/ca\/wp-json\/wp\/v2\/categories?post=97270"},{"taxonomy":"post_tag","embeddable":true,"href":"https:\/\/www.tucomarca.com\/wordpress\/segunda\/ca\/wp-json\/wp\/v2\/tags?post=97270"}],"curies":[{"name":"wp","href":"https:\/\/api.w.org\/{rel}","templated":true}]}}