{"id":97397,"date":"2019-12-15T13:18:46","date_gmt":"2019-12-15T11:18:46","guid":{"rendered":"http:\/\/www.tucomarca.com\/wordpress\/segunda\/?p=97397"},"modified":"2019-12-15T13:19:02","modified_gmt":"2019-12-15T11:19:02","slug":"riba-roja-premiara-fins-amb-6-000-euros-a-les-entitats-i-associacions-que-proposin-idees-i-projectes-de-proteccio-dels-animals","status":"publish","type":"post","link":"https:\/\/www.tucomarca.com\/wordpress\/segunda\/ca\/riba-roja-premiara-fins-amb-6-000-euros-a-les-entitats-i-associacions-que-proposin-idees-i-projectes-de-proteccio-dels-animals\/","title":{"rendered":"Riba-roja premiar\u00e0 fins amb 6.000 euros a les entitats i associacions que proposen idees i projectes de protecci\u00f3 dels animals"},"content":{"rendered":"\n<p>L&#8217;Ajuntament de Riba-roja de T\u00faria concedir\u00e0 ajudes econ\u00f2miques amb fins a 6.000 en total a les associacions i entitats sense \u00e0nim de lucre que proposin idees i projectes de protecci\u00f3 dels animals. El programa d&#8217;l&#8217;ajuntament supeditar\u00e0 la concessi\u00f3 de les subvencions a aquestes entitats a la justificaci\u00f3 efectiva de les mateixes que s&#8217;adscriuran a l&#8217;exercici d&#8217;aquest any 2019.<\/p>\n\n\n\n<p>L&#8217;objectiu d&#8217;aquesta iniciativa municipal de Riba-roja de T\u00faria se centra en el foment i la promoci\u00f3 de les activitats que les entitats i associacions lligades a el m\u00f3n dels animals dissenyen i que poden resultar beneficioses per al global de la societat. Les iniciatives que presentin les entitats es revisaran, a continuaci\u00f3, per part dels serveis t\u00e8cnics municipals perqu\u00e8 s&#8217;adaptin a les directrius establertes.<\/p>\n\n\n\n<p>Les associacions benefici\u00e0ries estaran subjectes a una s\u00e8rie d&#8217;obligacions com ajustar l&#8217;activitat a la protecci\u00f3 dels animals, la realitzaci\u00f3 de l&#8217;esmentada activitat, sotmetre a la comprovaci\u00f3 i control financer per part de l&#8217;ajuntament, comunicar la percepci\u00f3 de subvencions d&#8217;altres administracions, trobar-se el corrent de l&#8217;pagament de les obligacions tribut\u00e0ries i justificar els projectes duts a terme.<\/p>\n\n\n\n<p>Els programes i activitats que en mat\u00e8ria de salut i protecci\u00f3 animal de Riba-roja de T\u00faria es desenvolupin al llarg de l&#8217;termini establert per les ajudes concedides hauran de versar sobre la realitzaci\u00f3 d&#8217;estudis, campanyes d&#8217;informaci\u00f3 i sensibilitzaci\u00f3 d&#8217;inter\u00e8s sociosanitari, programes d&#8217;atenci\u00f3 a l&#8217;pacient complementaris als oferts per l&#8217;Ag\u00e8ncia Valenciana de Salut, programes d&#8217;ajuda m\u00fatua i autoajuda en l&#8217;\u00e0mbit sanitari, programes de protecci\u00f3 animal, programes de voluntariat enfocats a l&#8217;adopci\u00f3 d&#8217;animals de centre de protecci\u00f3 animal de Riba-roja o jornades d&#8217;Interacci\u00f3 amb animals de companyia.<\/p>\n\n\n\n<p>Entre els requisits a complir per part de les entitats cal destacar la necessitat de disposar de ra\u00f3 social en el terme municipal de Riba-roja, acreditar la seva inscripci\u00f3 en el registre de la Comunitat Valenciana, estar a l&#8217;corrent de l&#8217;pagament amb la Seguretat Social, la presentaci\u00f3 de la pertinent sol\u00b7licitud per participar en aquesta convocat\u00f2ria i, finalment, acreditar que es posseeix el personal qualificat per dur a terme l&#8217;activitat.<\/p>\n\n\n\n<p>Els criteris que tindr\u00e0 en compte l&#8217;Ajuntament de Riba-roja de T\u00faria es basaran en la concreci\u00f3 dels objectius que es pretenguin arrib\u00e9s amb el projecte presentat, el nombre de beneficiaris previst amb relaci\u00f3 a l&#8217;\u00e0mbit territorial d&#8217;actuaci\u00f3, els projectes que impliquin la participaci\u00f3 activa de la poblaci\u00f3 destinaria en totes les seves fases (disseny, desenvolupament i avaluaci\u00f3), una major valoraci\u00f3 per a aquells programes que incloguin indicadors i instruments per a mesurar el grau de compliment dels objectius o pels programes de col\u00b7laboraci\u00f3 amb l&#8217;ajuntament, altres institucions, la repercussi\u00f3 en l&#8217;entorn o programes de voluntariat i interacci\u00f3.<\/p>\n\n\n\n<p>El regidor de Benestar Animal de Riba-roja, Jos\u00e9 Luis L\u00f3pez, ha afirmat que aquesta iniciativa de l&#8217;ajuntament &#8220;\u00e9s una manera efica\u00e7 perqu\u00e8 es puguin promoure programes de protecci\u00f3 dels animals i des de l&#8217;administraci\u00f3 local hem de vetllar perqu\u00e8 es duguin a terme un seguit d&#8217;iniciatives que redundin en el benefici general amb l&#8217;ajuda de les associacions i entitats existents en aquest \u00e0mbit &#8220;.<\/p>\n\n\n\n<p>Els ajuts concedits a Riba-roja de T\u00faria s&#8217;abonaran en dues fases, en una primera el 75% de l&#8217;total de l&#8217;import econ\u00f2mic establert en l&#8217;acord municipal, mentre que el restant 25% amb la justificaci\u00f3 pertinent de la quantitat. Les despeses a qu\u00e8 es destinen les subvencions hauran de referir-se, sempre, per al desenvolupament de les activitats o els programes subvencionats.<\/p>\n","protected":false},"excerpt":{"rendered":"<div class=\"mh-excerpt\">L&#8217;Ajuntament de Riba-roja de T\u00faria concedir\u00e0 ajudes econ\u00f2miques amb fins a 6.000 en total a les associacions i entitats sense \u00e0nim de lucre que proposin idees i projectes de protecci\u00f3 dels animals. El programa d&#8217;l&#8217;ajuntament <a class=\"mh-excerpt-more\" href=\"https:\/\/www.tucomarca.com\/wordpress\/segunda\/ca\/riba-roja-premiara-fins-amb-6-000-euros-a-les-entitats-i-associacions-que-proposin-idees-i-projectes-de-proteccio-dels-animals\/\" title=\"Riba-roja premiar\u00e0 fins amb 6.000 euros a les entitats i associacions que proposen idees i projectes de protecci\u00f3 dels animals\">[+] <\/a><\/div>\n","protected":false},"author":1,"featured_media":97395,"comment_status":"open","ping_status":"open","sticky":false,"template":"","format":"standard","meta":{"footnotes":""},"categories":[10892,10948,10894,10947,10906,10896],"tags":[10395,10899],"class_list":{"0":"post-97397","1":"post","2":"type-post","3":"status-publish","4":"format-standard","5":"has-post-thumbnail","7":"category-camp-de-turia-ca","8":"category-infraestructuras-ca","9":"category-la-comarca-ca","10":"category-politica","11":"category-riba-roja-ca","12":"category-seccion-ca","13":"tag-camp-de-turia","14":"tag-camp-de-turia-ca"},"_links":{"self":[{"href":"https:\/\/www.tucomarca.com\/wordpress\/segunda\/ca\/wp-json\/wp\/v2\/posts\/97397","targetHints":{"allow":["GET"]}}],"collection":[{"href":"https:\/\/www.tucomarca.com\/wordpress\/segunda\/ca\/wp-json\/wp\/v2\/posts"}],"about":[{"href":"https:\/\/www.tucomarca.com\/wordpress\/segunda\/ca\/wp-json\/wp\/v2\/types\/post"}],"author":[{"embeddable":true,"href":"https:\/\/www.tucomarca.com\/wordpress\/segunda\/ca\/wp-json\/wp\/v2\/users\/1"}],"replies":[{"embeddable":true,"href":"https:\/\/www.tucomarca.com\/wordpress\/segunda\/ca\/wp-json\/wp\/v2\/comments?post=97397"}],"version-history":[{"count":0,"href":"https:\/\/www.tucomarca.com\/wordpress\/segunda\/ca\/wp-json\/wp\/v2\/posts\/97397\/revisions"}],"wp:featuredmedia":[{"embeddable":true,"href":"https:\/\/www.tucomarca.com\/wordpress\/segunda\/ca\/wp-json\/wp\/v2\/media\/97395"}],"wp:attachment":[{"href":"https:\/\/www.tucomarca.com\/wordpress\/segunda\/ca\/wp-json\/wp\/v2\/media?parent=97397"}],"wp:term":[{"taxonomy":"category","embeddable":true,"href":"https:\/\/www.tucomarca.com\/wordpress\/segunda\/ca\/wp-json\/wp\/v2\/categories?post=97397"},{"taxonomy":"post_tag","embeddable":true,"href":"https:\/\/www.tucomarca.com\/wordpress\/segunda\/ca\/wp-json\/wp\/v2\/tags?post=97397"}],"curies":[{"name":"wp","href":"https:\/\/api.w.org\/{rel}","templated":true}]}}