{"id":97412,"date":"2019-12-15T13:17:40","date_gmt":"2019-12-15T11:17:40","guid":{"rendered":"http:\/\/www.tucomarca.com\/wordpress\/segunda\/?p=97412"},"modified":"2019-12-15T13:17:50","modified_gmt":"2019-12-15T11:17:50","slug":"el-cd-bunyol-simposa-per-2-gols-a-0-a-lgodella-cf-amb-doblet-de-riki","status":"publish","type":"post","link":"https:\/\/www.tucomarca.com\/wordpress\/segunda\/ca\/el-cd-bunyol-simposa-per-2-gols-a-0-a-lgodella-cf-amb-doblet-de-riki\/","title":{"rendered":"El CD Bunyol s&#8217;imposa per 2 gols a 0 a l&#8217;Godella CF amb doblet de Riki"},"content":{"rendered":"\n<p>El Club Esportiu Bunyol segueix sumant vict\u00f2ries i afermant-se en el cap de la taula de el grup segon de la Regional Preferent. La v\u00edctima d&#8217;aquest cap de setmana ha estat el Godella CF, que ha caigut per 2 gols a 0 al feu de l&#8217;Beltr\u00e1n B\u00e1guena de Bunyol. <\/p>\n\n\n\n<p>No obstant, el Godella ha plantat cara durant bona part de el partit a un CD Bunyol molt minvat per les abs\u00e8ncies, tant per les baixes com per les targetes grogues; i per moments ha portat la iniciativa en la trobada desplegant un bon joc, especialment durant la primera meitat. <\/p>\n\n\n\n<p>Aix\u00ed, no ha estat fins a les acaballes de la trobada quan els blancs han aconseguit posar dist\u00e0ncia en el marcador, gr\u00e0cies als gols de Riki, que ha entrat a la pista de joc vint minuts abans de al final i ha fet gala de la seua qualitat. <\/p>\n\n\n\n<p>El primer gol l&#8217;ha materialitzat en el minut 75 i el segon en el 80. El CD Bunyol suma aix\u00ed tres punts m\u00e9s per desenganxar-se de l&#8217;Sant Marcel\u00b7l\u00ed, el seu m\u00e9s immediat seguidor, a qu\u00e8 a falta de disputar el seu partit d&#8217;aquest cap de setmana el separen 10 punts. <\/p>\n\n\n\n<p>La pr\u00f2ximes setmana, els blancs viatjaran a Paiporta per enfrontar-se a el conjunt local, actualment situat en el lloc 6 de la taula amb 25 punts.<\/p>\n","protected":false},"excerpt":{"rendered":"<div class=\"mh-excerpt\">El Club Esportiu Bunyol segueix sumant vict\u00f2ries i afermant-se en el cap de la taula de el grup segon de la Regional Preferent. La v\u00edctima d&#8217;aquest cap de setmana ha estat el Godella CF, que <a class=\"mh-excerpt-more\" href=\"https:\/\/www.tucomarca.com\/wordpress\/segunda\/ca\/el-cd-bunyol-simposa-per-2-gols-a-0-a-lgodella-cf-amb-doblet-de-riki\/\" title=\"El CD Bunyol s&#8217;imposa per 2 gols a 0 a l&#8217;Godella CF amb doblet de Riki\">[+] <\/a><\/div>\n","protected":false},"author":1,"featured_media":97411,"comment_status":"open","ping_status":"open","sticky":false,"template":"","format":"standard","meta":{"footnotes":""},"categories":[10911,11015,11003,10912,10896],"tags":[10379,10661],"class_list":{"0":"post-97412","1":"post","2":"type-post","3":"status-publish","4":"format-standard","5":"has-post-thumbnail","7":"category-bunol-ca","8":"category-canal-futbol","9":"category-sports","10":"category-la-hoya-ca","11":"category-seccion-ca","12":"tag-deportes","13":"tag-esports"},"_links":{"self":[{"href":"https:\/\/www.tucomarca.com\/wordpress\/segunda\/ca\/wp-json\/wp\/v2\/posts\/97412","targetHints":{"allow":["GET"]}}],"collection":[{"href":"https:\/\/www.tucomarca.com\/wordpress\/segunda\/ca\/wp-json\/wp\/v2\/posts"}],"about":[{"href":"https:\/\/www.tucomarca.com\/wordpress\/segunda\/ca\/wp-json\/wp\/v2\/types\/post"}],"author":[{"embeddable":true,"href":"https:\/\/www.tucomarca.com\/wordpress\/segunda\/ca\/wp-json\/wp\/v2\/users\/1"}],"replies":[{"embeddable":true,"href":"https:\/\/www.tucomarca.com\/wordpress\/segunda\/ca\/wp-json\/wp\/v2\/comments?post=97412"}],"version-history":[{"count":0,"href":"https:\/\/www.tucomarca.com\/wordpress\/segunda\/ca\/wp-json\/wp\/v2\/posts\/97412\/revisions"}],"wp:featuredmedia":[{"embeddable":true,"href":"https:\/\/www.tucomarca.com\/wordpress\/segunda\/ca\/wp-json\/wp\/v2\/media\/97411"}],"wp:attachment":[{"href":"https:\/\/www.tucomarca.com\/wordpress\/segunda\/ca\/wp-json\/wp\/v2\/media?parent=97412"}],"wp:term":[{"taxonomy":"category","embeddable":true,"href":"https:\/\/www.tucomarca.com\/wordpress\/segunda\/ca\/wp-json\/wp\/v2\/categories?post=97412"},{"taxonomy":"post_tag","embeddable":true,"href":"https:\/\/www.tucomarca.com\/wordpress\/segunda\/ca\/wp-json\/wp\/v2\/tags?post=97412"}],"curies":[{"name":"wp","href":"https:\/\/api.w.org\/{rel}","templated":true}]}}