{"id":97500,"date":"2019-12-17T14:48:35","date_gmt":"2019-12-17T12:48:35","guid":{"rendered":"http:\/\/www.tucomarca.com\/wordpress\/segunda\/?p=97500"},"modified":"2019-12-17T14:48:42","modified_gmt":"2019-12-17T12:48:42","slug":"utiel-celebra-la-i-trobada-intercultural-en-el-dia-internacional-de-lmigrant","status":"publish","type":"post","link":"https:\/\/www.tucomarca.com\/wordpress\/segunda\/ca\/utiel-celebra-la-i-trobada-intercultural-en-el-dia-internacional-de-lmigrant\/","title":{"rendered":"Utiel celebra la I Trobada Intercultural en el Dia Internacional de l&#8217;Migrant"},"content":{"rendered":"\n<p>Aquest dimecres, 18 de desembre, se celebra el Dia Internacional de l&#8217;Migrant i Utiel se suma a aquesta commemoraci\u00f3 amb la celebraci\u00f3 de la I Trobada Intercultural sobre persones migrants.<\/p>\n\n\n\n<p>Una jornada l\u00fadica i educativa adre\u00e7ada a alumnes i alumnes d&#8217;educaci\u00f3 prim\u00e0ria que ha estat organitzada per l&#8217;oficina d&#8217;assist\u00e8ncia a les persones migrades (PANGEA) i el departament de Serveis Socials de l&#8217;Ajuntament d&#8217;Utiel.<\/p>\n\n\n\n<p> A partir de les 17:30 a la Sala Polivalent de la Casa de Cultura, els alumnes i les alumnes coneixeran de primera m\u00e0 les diferents cultures i costums de la poblaci\u00f3 migrant resident a Utiel.<br> Els nens i nenes confeccionaran manualitats solid\u00e0ries i inclusives com el atrapasomnis de el m\u00f3n i el puzle sobre els mitjans de despla\u00e7aments que es fan servir en les migracions.<\/p>\n\n\n\n<p>Els participants coneixeran les caracter\u00edstiques i singularitats dels diferents pa\u00efsos de el m\u00f3n a trav\u00e9s de el joc &#8220;Mapamundi&#8221; i visualitzaran la diversitat cultural i les diferents formes de conviv\u00e8ncia intercultural que actualment hi ha a Utiel a trav\u00e9s d&#8217;una original proposta l\u00fadica anomenada &#8220;El plat cultural&#8221; .<\/p>\n\n\n\n<p>Durant el desenvolupament de la jornada, els nens tindran l&#8217;oportunitat de participar al taller de demostraci\u00f3 i elaboraci\u00f3 de trenes africanes i en el sorteig especial de jocs i joguines.<\/p>\n\n\n\n<p>Una trobada intercultural que neix aquest any a Utiel amb l&#8217;objectiu de fomentar la integraci\u00f3 social i el respecte a la diversitat en una societat multicultural com la nostra.<\/p>\n\n\n\n<p> En l&#8217;actualitat, Utiel compta amb una poblaci\u00f3 de 829 migrants procedents de 44 pa\u00efsos, sent Romania (449), Alg\u00e8ria (58) i Col\u00f2mbia (48) les tres principals nacions d&#8217;origen. Pangea ofereix serveis d&#8217;assist\u00e8ncia i assessorament a estrangers residents a Utiel i en altres municipis integrants de la Mancomunitat de l&#8217;Interior Terra de el Vi.<\/p>\n\n\n\n<p>El Dia Internacional de l&#8217;Migrant va ser proclamat per l&#8217;Assemblea General de l&#8217;ONU l&#8217;any 2000. Sota el lema &#8220;Nosaltres junts&#8221; aquest any la celebraci\u00f3 se centra en les diverses hist\u00f2ries de cohesi\u00f3 social que viuen dia a dia cada un dels 272 milions de migrants que comencen una nova vida i construeixen noves comunitats en cada rac\u00f3 de m\u00f3n, com \u00e9s el cas d&#8217;Utiel.<\/p>\n","protected":false},"excerpt":{"rendered":"<div class=\"mh-excerpt\">Aquest dimecres, 18 de desembre, se celebra el Dia Internacional de l&#8217;Migrant i Utiel se suma a aquesta commemoraci\u00f3 amb la celebraci\u00f3 de la I Trobada Intercultural sobre persones migrants. Una jornada l\u00fadica i educativa <a class=\"mh-excerpt-more\" href=\"https:\/\/www.tucomarca.com\/wordpress\/segunda\/ca\/utiel-celebra-la-i-trobada-intercultural-en-el-dia-internacional-de-lmigrant\/\" title=\"Utiel celebra la I Trobada Intercultural en el Dia Internacional de l&#8217;Migrant\">[+] <\/a><\/div>\n","protected":false},"author":1,"featured_media":97497,"comment_status":"open","ping_status":"open","sticky":false,"template":"","format":"standard","meta":{"footnotes":""},"categories":[11019,10909,10896,11059],"tags":[10387],"class_list":{"0":"post-97500","1":"post","2":"type-post","3":"status-publish","4":"format-standard","5":"has-post-thumbnail","7":"category-agenda-ca","8":"category-requena-utiel-ca","9":"category-seccion-ca","10":"category-utiel-ca","11":"tag-requena-utiel"},"_links":{"self":[{"href":"https:\/\/www.tucomarca.com\/wordpress\/segunda\/ca\/wp-json\/wp\/v2\/posts\/97500","targetHints":{"allow":["GET"]}}],"collection":[{"href":"https:\/\/www.tucomarca.com\/wordpress\/segunda\/ca\/wp-json\/wp\/v2\/posts"}],"about":[{"href":"https:\/\/www.tucomarca.com\/wordpress\/segunda\/ca\/wp-json\/wp\/v2\/types\/post"}],"author":[{"embeddable":true,"href":"https:\/\/www.tucomarca.com\/wordpress\/segunda\/ca\/wp-json\/wp\/v2\/users\/1"}],"replies":[{"embeddable":true,"href":"https:\/\/www.tucomarca.com\/wordpress\/segunda\/ca\/wp-json\/wp\/v2\/comments?post=97500"}],"version-history":[{"count":0,"href":"https:\/\/www.tucomarca.com\/wordpress\/segunda\/ca\/wp-json\/wp\/v2\/posts\/97500\/revisions"}],"wp:featuredmedia":[{"embeddable":true,"href":"https:\/\/www.tucomarca.com\/wordpress\/segunda\/ca\/wp-json\/wp\/v2\/media\/97497"}],"wp:attachment":[{"href":"https:\/\/www.tucomarca.com\/wordpress\/segunda\/ca\/wp-json\/wp\/v2\/media?parent=97500"}],"wp:term":[{"taxonomy":"category","embeddable":true,"href":"https:\/\/www.tucomarca.com\/wordpress\/segunda\/ca\/wp-json\/wp\/v2\/categories?post=97500"},{"taxonomy":"post_tag","embeddable":true,"href":"https:\/\/www.tucomarca.com\/wordpress\/segunda\/ca\/wp-json\/wp\/v2\/tags?post=97500"}],"curies":[{"name":"wp","href":"https:\/\/api.w.org\/{rel}","templated":true}]}}