{"id":97502,"date":"2019-12-18T15:59:25","date_gmt":"2019-12-18T13:59:25","guid":{"rendered":"http:\/\/www.tucomarca.com\/wordpress\/segunda\/?p=97502"},"modified":"2019-12-18T16:03:45","modified_gmt":"2019-12-18T14:03:45","slug":"bunyol-iniciara-lany-nou-amb-un-cap-de-setmana-jove-replet-dactivitats","status":"publish","type":"post","link":"https:\/\/www.tucomarca.com\/wordpress\/segunda\/ca\/bunyol-iniciara-lany-nou-amb-un-cap-de-setmana-jove-replet-dactivitats\/","title":{"rendered":"Bunyol iniciar\u00e0 l&#8217;any nou amb un &#8220;Cap de setmana Jove&#8221; replet d&#8217;activitats"},"content":{"rendered":"\n<p>El municipi de Bunyol iniciar\u00e0 l&#8217;any nou amb un \u00abFinde Jove\u00bb, organitzat per la regidoria de Joventut, que administra el regidor Juan Luis Pallars, concretament per als dies 11 i 12 de gener en qu\u00e8 s&#8217;ha programat tot un seguit d&#8217;activitats perqu\u00e8 els joves gaudeixin amb amics i fam\u00edlies.<br>\n\u00abSi t&#8217;agrada l&#8217;art, els nostres alumnes de l&#8217;IES realitzaran diferents intervencions en el paisatge, que podran ser visitades a l&#8217;igual que es procedir\u00e0 a la pintura de l&#8217;autob\u00fas urb\u00e0 amb l&#8217;objectiu que funcioni com un mural m\u00f2bil\u00bb, tal com han explicat fonts municipals.<br>\n\u00abPer als amants dels jocs, el dissabte 11 durant tot el dia tindrem una nova VideoGame Party a la sala El Mercat on tindrem tot tipus d&#8217;activitats. I acabarem amb la I Sanperrestre de Sant Ant\u00f3n, organitzada per la regidoria de Joventut juntament amb el Club d&#8217;Atletisme Els Correores de Bunyol \u00bb.<br>\n\u00abVine i disfressa&#8217;t costat dels teus mascotes i participa d&#8217;aquesta travessia familiar pel circuit urb\u00e0 de Bunyol. Dos quil\u00f2metres d&#8217;un tra\u00e7at accessible i apte per a tots els p\u00fablics., Amb suculents premis per als tres millors disfresses de el binomi amo-mascota \u00bb.<br>\nLa iniciativa est\u00e0 prevista per al diumenge 12 de gener del 2020 amb sortida des de la Pla\u00e7a Layana a les 12,00 hores.<br>\n\u00abSi no tens mascota vine i participa igualment amb els teus amics o familiars. Des de la regidoria de Joventut et instem que et sumis a aquesta proposta amb el teu millor disfressa. Contra el fred hivernal ambient cordial i familiar. Un cap de setmana complet on cultura, oci i esport van de la m\u00e0 \u00bb, han finalitzat des de la regidoria.<\/p>\n","protected":false},"excerpt":{"rendered":"<div class=\"mh-excerpt\">El municipi de Bunyol iniciar\u00e0 l&#8217;any nou amb un \u00abFinde Jove\u00bb, organitzat per la regidoria de Joventut, que administra el regidor Juan Luis Pallars, concretament per als dies 11 i 12 de gener en qu\u00e8 <a class=\"mh-excerpt-more\" href=\"https:\/\/www.tucomarca.com\/wordpress\/segunda\/ca\/bunyol-iniciara-lany-nou-amb-un-cap-de-setmana-jove-replet-dactivitats\/\" title=\"Bunyol iniciar\u00e0 l&#8217;any nou amb un &#8220;Cap de setmana Jove&#8221; replet d&#8217;activitats\">[+] <\/a><\/div>\n","protected":false},"author":1,"featured_media":97552,"comment_status":"open","ping_status":"open","sticky":false,"template":"","format":"standard","meta":{"footnotes":""},"categories":[11019,10911,10912,10896],"tags":[],"class_list":{"0":"post-97502","1":"post","2":"type-post","3":"status-publish","4":"format-standard","5":"has-post-thumbnail","7":"category-agenda-ca","8":"category-bunol-ca","9":"category-la-hoya-ca","10":"category-seccion-ca"},"_links":{"self":[{"href":"https:\/\/www.tucomarca.com\/wordpress\/segunda\/ca\/wp-json\/wp\/v2\/posts\/97502","targetHints":{"allow":["GET"]}}],"collection":[{"href":"https:\/\/www.tucomarca.com\/wordpress\/segunda\/ca\/wp-json\/wp\/v2\/posts"}],"about":[{"href":"https:\/\/www.tucomarca.com\/wordpress\/segunda\/ca\/wp-json\/wp\/v2\/types\/post"}],"author":[{"embeddable":true,"href":"https:\/\/www.tucomarca.com\/wordpress\/segunda\/ca\/wp-json\/wp\/v2\/users\/1"}],"replies":[{"embeddable":true,"href":"https:\/\/www.tucomarca.com\/wordpress\/segunda\/ca\/wp-json\/wp\/v2\/comments?post=97502"}],"version-history":[{"count":0,"href":"https:\/\/www.tucomarca.com\/wordpress\/segunda\/ca\/wp-json\/wp\/v2\/posts\/97502\/revisions"}],"wp:featuredmedia":[{"embeddable":true,"href":"https:\/\/www.tucomarca.com\/wordpress\/segunda\/ca\/wp-json\/wp\/v2\/media\/97552"}],"wp:attachment":[{"href":"https:\/\/www.tucomarca.com\/wordpress\/segunda\/ca\/wp-json\/wp\/v2\/media?parent=97502"}],"wp:term":[{"taxonomy":"category","embeddable":true,"href":"https:\/\/www.tucomarca.com\/wordpress\/segunda\/ca\/wp-json\/wp\/v2\/categories?post=97502"},{"taxonomy":"post_tag","embeddable":true,"href":"https:\/\/www.tucomarca.com\/wordpress\/segunda\/ca\/wp-json\/wp\/v2\/tags?post=97502"}],"curies":[{"name":"wp","href":"https:\/\/api.w.org\/{rel}","templated":true}]}}