{"id":98005,"date":"2020-01-09T23:15:48","date_gmt":"2020-01-09T21:15:48","guid":{"rendered":"http:\/\/www.tucomarca.com\/wordpress\/segunda\/?p=98005"},"modified":"2020-01-09T23:15:56","modified_gmt":"2020-01-09T21:15:56","slug":"lajuntament-de-xest-adquireix-una-desbrossadora-per-reduir-el-cost-de-manteniment-de-les-zones-verdes","status":"publish","type":"post","link":"https:\/\/www.tucomarca.com\/wordpress\/segunda\/ca\/lajuntament-de-xest-adquireix-una-desbrossadora-per-reduir-el-cost-de-manteniment-de-les-zones-verdes\/","title":{"rendered":"L&#8217;Ajuntament de Xest adquireix una desbrossadora per reduir el cost de manteniment de les zones verdes"},"content":{"rendered":"\n<figure class=\"wp-block-image\"><img loading=\"lazy\" decoding=\"async\" width=\"768\" height=\"1024\" src=\"http:\/\/www.tucomarca.com\/wordpress\/segunda\/wp-content\/uploads\/2020\/01\/ChesteDesbrozadora_2-768x1024.jpg\" alt=\"\" class=\"wp-image-98002\" srcset=\"https:\/\/www.tucomarca.com\/wordpress\/segunda\/wp-content\/uploads\/2020\/01\/ChesteDesbrozadora_2-768x1024.jpg 768w, https:\/\/www.tucomarca.com\/wordpress\/segunda\/wp-content\/uploads\/2020\/01\/ChesteDesbrozadora_2-225x300.jpg 225w, https:\/\/www.tucomarca.com\/wordpress\/segunda\/wp-content\/uploads\/2020\/01\/ChesteDesbrozadora_2.jpg 1512w\" sizes=\"auto, (max-width: 768px) 100vw, 768px\" \/><\/figure>\n\n\n\n<p>L&#8217;Ajuntament de Xest ha adquirit una desbrossadora seminova per un valor de 7.865 euros, que ja s&#8217;ha instal\u00b7lat al tractor de la brigada per comen\u00e7ar a funcionar. Els treballs que es realitzen amb aquesta m\u00e0quina s\u00f3n la neteja i el manteniment de parcs, jardins i parcel\u00b7les municipals, aix\u00ed com el condicionament de les cunetes dels camins rurals i ve\u00efnals de el terme de Xest.<\/p>\n\n\n\n<p>&#8220;A el no disposar d&#8217;una desbrossadora, totes les tasques en qu\u00e8 aquesta m\u00e0quina era necess\u00e0ria s&#8217;havien d&#8217;encarregar a empreses&#8221;, explica el regidor de Medi Ambient, David Pujals. &#8220;Amb el que anem a estalviar es va a amortitzar molt aviat la inversi\u00f3, reduint considerablement la despesa de l&#8217;manteniment de les zones verdes municipals&#8221;.<\/p>\n\n\n\n<p>Tal com ha explicat el regidor, &#8220;la propera inversi\u00f3 ser\u00e0 en un tractor per a la brigada, amb el que s&#8217;aconseguir\u00e0 treballar de manera m\u00e9s eficient i externalitzar menys; un dels principals objectius d&#8217;aquesta regidoria \u00e9s optimitzar els recursos disponibles &#8220;.<\/p>\n\n\n\n<p>En aquesta l\u00ednia, el regidor de Serveis, Jos\u00e9 Vicente Guijarro, ha incidit que &#8220;en comptes de rec\u00f3rrer a contractacions per fer els treballs, es dota els treballadors municipals amb els mitjans suficients per desenvolupar les tasques i l&#8217;estalvi que es genera es torna a invertir en millores relacionades amb els parcs i jardins i el Medi Ambient en general; es tracta d&#8217;una altra forma de fer les coses&#8221;.<\/p>\n","protected":false},"excerpt":{"rendered":"<div class=\"mh-excerpt\">L&#8217;Ajuntament de Xest ha adquirit una desbrossadora seminova per un valor de 7.865 euros, que ja s&#8217;ha instal\u00b7lat al tractor de la brigada per comen\u00e7ar a funcionar. Els treballs que es realitzen amb aquesta m\u00e0quina <a class=\"mh-excerpt-more\" href=\"https:\/\/www.tucomarca.com\/wordpress\/segunda\/ca\/lajuntament-de-xest-adquireix-una-desbrossadora-per-reduir-el-cost-de-manteniment-de-les-zones-verdes\/\" title=\"L&#8217;Ajuntament de Xest adquireix una desbrossadora per reduir el cost de manteniment de les zones verdes\">[+] <\/a><\/div>\n","protected":false},"author":1,"featured_media":98001,"comment_status":"open","ping_status":"open","sticky":false,"template":"","format":"standard","meta":{"footnotes":""},"categories":[10948,10894,10912,10903,10896,10974],"tags":[5952],"class_list":{"0":"post-98005","1":"post","2":"type-post","3":"status-publish","4":"format-standard","5":"has-post-thumbnail","7":"category-infraestructuras-ca","8":"category-la-comarca-ca","9":"category-la-hoya-ca","10":"category-medio-ambiente-la-comarca-ca","11":"category-seccion-ca","12":"category-cheste-ca","13":"tag-la-hoya-de-bunol-chiva"},"_links":{"self":[{"href":"https:\/\/www.tucomarca.com\/wordpress\/segunda\/ca\/wp-json\/wp\/v2\/posts\/98005","targetHints":{"allow":["GET"]}}],"collection":[{"href":"https:\/\/www.tucomarca.com\/wordpress\/segunda\/ca\/wp-json\/wp\/v2\/posts"}],"about":[{"href":"https:\/\/www.tucomarca.com\/wordpress\/segunda\/ca\/wp-json\/wp\/v2\/types\/post"}],"author":[{"embeddable":true,"href":"https:\/\/www.tucomarca.com\/wordpress\/segunda\/ca\/wp-json\/wp\/v2\/users\/1"}],"replies":[{"embeddable":true,"href":"https:\/\/www.tucomarca.com\/wordpress\/segunda\/ca\/wp-json\/wp\/v2\/comments?post=98005"}],"version-history":[{"count":0,"href":"https:\/\/www.tucomarca.com\/wordpress\/segunda\/ca\/wp-json\/wp\/v2\/posts\/98005\/revisions"}],"wp:featuredmedia":[{"embeddable":true,"href":"https:\/\/www.tucomarca.com\/wordpress\/segunda\/ca\/wp-json\/wp\/v2\/media\/98001"}],"wp:attachment":[{"href":"https:\/\/www.tucomarca.com\/wordpress\/segunda\/ca\/wp-json\/wp\/v2\/media?parent=98005"}],"wp:term":[{"taxonomy":"category","embeddable":true,"href":"https:\/\/www.tucomarca.com\/wordpress\/segunda\/ca\/wp-json\/wp\/v2\/categories?post=98005"},{"taxonomy":"post_tag","embeddable":true,"href":"https:\/\/www.tucomarca.com\/wordpress\/segunda\/ca\/wp-json\/wp\/v2\/tags?post=98005"}],"curies":[{"name":"wp","href":"https:\/\/api.w.org\/{rel}","templated":true}]}}