{"id":98307,"date":"2020-01-15T15:02:26","date_gmt":"2020-01-15T13:02:26","guid":{"rendered":"http:\/\/www.tucomarca.com\/wordpress\/segunda\/?p=98307"},"modified":"2020-01-15T15:02:33","modified_gmt":"2020-01-15T13:02:33","slug":"lecoparc-de-turis-bonificara-el-seu-us-amb-descomptes-al-rebut-de-reciclatge","status":"publish","type":"post","link":"https:\/\/www.tucomarca.com\/wordpress\/segunda\/ca\/lecoparc-de-turis-bonificara-el-seu-us-amb-descomptes-al-rebut-de-reciclatge\/","title":{"rendered":"L\u2019ecoparc de Tur\u00eds bonificar\u00e0 el seu \u00fas amb descomptes al rebut de reciclatge"},"content":{"rendered":"\n<p>L&#8217;ecoparc de&nbsp;Tur\u00eds&nbsp;ha posat en funcionament un nou sistema electr\u00f2nic que permetr\u00e0 bonificar el rebut de la taxa de reciclatge per utilitzar les seues&nbsp;instal\u00b7lacions.<\/p>\n\n\n\n<p>L&#8217;alcalde,&nbsp;Eugenio&nbsp;Forta\u00f1a, ha conegut en primera persona el funcionament del programa guiat per les explicacions dels t\u00e8cnics del consorci Ribera Valldigna.<\/p>\n\n\n\n<p>A partir d&#8217;ara, les persones usu\u00e0ries s&#8217;identificaran amb el DNI en accedir a l&#8217;ecoparc i introduiran les dades del material que dipositaran. A\u00e7\u00f2 equivaldr\u00e0 a un nombre determinat de punts que es transformar\u00e0 en una bonificaci\u00f3 al pr\u00f2xim rebut.<\/p>\n\n\n\n<p>\u201cLa iniciativa pret\u00e9n ajudar al ve\u00efnat que utilitza les&nbsp;instal\u00b7lacions&nbsp;i potenciar el seu \u00fas\u201d, comenta&nbsp;Forta\u00f1a.<\/p>\n","protected":false},"excerpt":{"rendered":"<div class=\"mh-excerpt\">L&#8217;ecoparc de&nbsp;Tur\u00eds&nbsp;ha posat en funcionament un nou sistema electr\u00f2nic que permetr\u00e0 bonificar el rebut de la taxa de reciclatge per utilitzar les seues&nbsp;instal\u00b7lacions. L&#8217;alcalde,&nbsp;Eugenio&nbsp;Forta\u00f1a, ha conegut en primera persona el funcionament del programa guiat per <a class=\"mh-excerpt-more\" href=\"https:\/\/www.tucomarca.com\/wordpress\/segunda\/ca\/lecoparc-de-turis-bonificara-el-seu-us-amb-descomptes-al-rebut-de-reciclatge\/\" title=\"L\u2019ecoparc de Tur\u00eds bonificar\u00e0 el seu \u00fas amb descomptes al rebut de reciclatge\">[+] <\/a><\/div>\n","protected":false},"author":1,"featured_media":98305,"comment_status":"open","ping_status":"open","sticky":false,"template":"","format":"standard","meta":{"footnotes":""},"categories":[10948,10894,10902,10903,10947,10896,11047],"tags":[3640,11077],"class_list":{"0":"post-98307","1":"post","2":"type-post","3":"status-publish","4":"format-standard","5":"has-post-thumbnail","7":"category-infraestructuras-ca","8":"category-la-comarca-ca","9":"category-la-ribera-ca","10":"category-medio-ambiente-la-comarca-ca","11":"category-politica","12":"category-seccion-ca","13":"category-turis-ca","14":"tag-la-ribera-alta","15":"tag-la-ribera-alta-ca"},"_links":{"self":[{"href":"https:\/\/www.tucomarca.com\/wordpress\/segunda\/ca\/wp-json\/wp\/v2\/posts\/98307","targetHints":{"allow":["GET"]}}],"collection":[{"href":"https:\/\/www.tucomarca.com\/wordpress\/segunda\/ca\/wp-json\/wp\/v2\/posts"}],"about":[{"href":"https:\/\/www.tucomarca.com\/wordpress\/segunda\/ca\/wp-json\/wp\/v2\/types\/post"}],"author":[{"embeddable":true,"href":"https:\/\/www.tucomarca.com\/wordpress\/segunda\/ca\/wp-json\/wp\/v2\/users\/1"}],"replies":[{"embeddable":true,"href":"https:\/\/www.tucomarca.com\/wordpress\/segunda\/ca\/wp-json\/wp\/v2\/comments?post=98307"}],"version-history":[{"count":0,"href":"https:\/\/www.tucomarca.com\/wordpress\/segunda\/ca\/wp-json\/wp\/v2\/posts\/98307\/revisions"}],"wp:featuredmedia":[{"embeddable":true,"href":"https:\/\/www.tucomarca.com\/wordpress\/segunda\/ca\/wp-json\/wp\/v2\/media\/98305"}],"wp:attachment":[{"href":"https:\/\/www.tucomarca.com\/wordpress\/segunda\/ca\/wp-json\/wp\/v2\/media?parent=98307"}],"wp:term":[{"taxonomy":"category","embeddable":true,"href":"https:\/\/www.tucomarca.com\/wordpress\/segunda\/ca\/wp-json\/wp\/v2\/categories?post=98307"},{"taxonomy":"post_tag","embeddable":true,"href":"https:\/\/www.tucomarca.com\/wordpress\/segunda\/ca\/wp-json\/wp\/v2\/tags?post=98307"}],"curies":[{"name":"wp","href":"https:\/\/api.w.org\/{rel}","templated":true}]}}