{"id":98317,"date":"2020-01-14T23:01:21","date_gmt":"2020-01-14T21:01:21","guid":{"rendered":"http:\/\/www.tucomarca.com\/wordpress\/segunda\/?p=98317"},"modified":"2020-01-14T23:01:29","modified_gmt":"2020-01-14T21:01:29","slug":"lajuntament-de-bunyol-finalitza-una-nova-pista-poliesportiva-i-millora-els-frontons","status":"publish","type":"post","link":"https:\/\/www.tucomarca.com\/wordpress\/segunda\/ca\/lajuntament-de-bunyol-finalitza-una-nova-pista-poliesportiva-i-millora-els-frontons\/","title":{"rendered":"L&#8217;Ajuntament de Bunyol finalitza una nova pista poliesportiva i millora els frontons"},"content":{"rendered":"\n<figure class=\"wp-block-image\"><img loading=\"lazy\" decoding=\"async\" width=\"1024\" height=\"768\" src=\"http:\/\/www.tucomarca.com\/wordpress\/segunda\/wp-content\/uploads\/2020\/01\/BunolFronton-1024x768.jpg\" alt=\"\" class=\"wp-image-98312\" srcset=\"https:\/\/www.tucomarca.com\/wordpress\/segunda\/wp-content\/uploads\/2020\/01\/BunolFronton-1024x768.jpg 1024w, https:\/\/www.tucomarca.com\/wordpress\/segunda\/wp-content\/uploads\/2020\/01\/BunolFronton-300x225.jpg 300w, https:\/\/www.tucomarca.com\/wordpress\/segunda\/wp-content\/uploads\/2020\/01\/BunolFronton-768x576.jpg 768w, https:\/\/www.tucomarca.com\/wordpress\/segunda\/wp-content\/uploads\/2020\/01\/BunolFronton-678x509.jpg 678w, https:\/\/www.tucomarca.com\/wordpress\/segunda\/wp-content\/uploads\/2020\/01\/BunolFronton-326x245.jpg 326w, https:\/\/www.tucomarca.com\/wordpress\/segunda\/wp-content\/uploads\/2020\/01\/BunolFronton-80x60.jpg 80w, https:\/\/www.tucomarca.com\/wordpress\/segunda\/wp-content\/uploads\/2020\/01\/BunolFronton.jpg 2000w\" sizes=\"auto, (max-width: 1024px) 100vw, 1024px\" \/><\/figure>\n\n\n\n<p>L&#8217;Ajuntament de Bunyol obrir\u00e0 a el p\u00fablic en les pr\u00f2ximes dates la nova pista poliesportiva a les instal\u00b7lacions del Planell.<\/p>\n\n\n\n<p>\u00abEs tracta d&#8217;una pista apta per jugar a b\u00e0squet, futbol sala i handbol, amb dimensions reglament\u00e0ries per acollir competicions oficials i que ha tingut un cost de 96.000 \u20ac, invertits amb fons propis de l&#8217;consistori de Bunyol. La pista s&#8217;ubica on abans nom\u00e9s hi havia una de b\u00e0squet que presentava m\u00faltiples defici\u00e8ncies\u00bb, tal com han informat fonts municipals.<\/p>\n\n\n\n<p>A m\u00e9s, a la zona on s&#8217;ubica, al costat de les pistes de p\u00e0del i tennis, s&#8217;han urbanitzat els vials per millorar els accessos.<\/p>\n\n\n\n<p>El consistori bu\u00f1olense ha invertit tamb\u00e9 9.800 \u20ac en la millora dels frontons del Planell. \u00abDespr\u00e9s d&#8217;una primera fase escomesa fa prop d&#8217;un any, ara s&#8217;han empr\u00e8s millores, s&#8217;ha pintat i arreglat l&#8217;espai cobert per al material de club de frontenis de Bunyol, donant un canvi d&#8217;imatge amb la pintura dels frontons\u00bb.<\/p>\n\n\n\n<p>L&#8217;edil d&#8217;Obres, Rafael P\u00e9rez, ha manifestat que es tracta de \u00abdues obres reclamades pels usuaris de les instal\u00b7lacions, que amplien les possibilitats del Planell i que suposen una continu\u00eftat en el treball que ens hem marcat per a aquesta legislatura\u00bb.<\/p>\n\n\n\n<p>Per la seua banda el regidor d&#8217;Esports, Manuel Serra, ha assegurat que s&#8217;ha \u00abdonat resposta a una demanda dels centenars de ve\u00efns i ve\u00efnes de Bunyol que practiquen diferents esports durant la setmana, d&#8217;aquesta manera tenim m\u00e9s possibilitats per a la pr\u00e0ctica de l&#8217;esport i de diferents competicions\u00bb.<\/p>\n","protected":false},"excerpt":{"rendered":"<div class=\"mh-excerpt\">L&#8217;Ajuntament de Bunyol obrir\u00e0 a el p\u00fablic en les pr\u00f2ximes dates la nova pista poliesportiva a les instal\u00b7lacions del Planell. \u00abEs tracta d&#8217;una pista apta per jugar a b\u00e0squet, futbol sala i handbol, amb dimensions <a class=\"mh-excerpt-more\" href=\"https:\/\/www.tucomarca.com\/wordpress\/segunda\/ca\/lajuntament-de-bunyol-finalitza-una-nova-pista-poliesportiva-i-millora-els-frontons\/\" title=\"L&#8217;Ajuntament de Bunyol finalitza una nova pista poliesportiva i millora els frontons\">[+] <\/a><\/div>\n","protected":false},"author":1,"featured_media":98315,"comment_status":"open","ping_status":"open","sticky":false,"template":"","format":"standard","meta":{"footnotes":""},"categories":[10911,11003,11012,10948,10894,10912,11009,10947,10896],"tags":[5952,10914],"class_list":{"0":"post-98317","1":"post","2":"type-post","3":"status-publish","4":"format-standard","5":"has-post-thumbnail","7":"category-bunol-ca","8":"category-sports","9":"category-futbol-sala-ca","10":"category-infraestructuras-ca","11":"category-la-comarca-ca","12":"category-la-hoya-ca","13":"category-polideportivo-ca","14":"category-politica","15":"category-seccion-ca","16":"tag-la-hoya-de-bunol-chiva","17":"tag-la-hoya-de-bunol-chiva-ca"},"_links":{"self":[{"href":"https:\/\/www.tucomarca.com\/wordpress\/segunda\/ca\/wp-json\/wp\/v2\/posts\/98317","targetHints":{"allow":["GET"]}}],"collection":[{"href":"https:\/\/www.tucomarca.com\/wordpress\/segunda\/ca\/wp-json\/wp\/v2\/posts"}],"about":[{"href":"https:\/\/www.tucomarca.com\/wordpress\/segunda\/ca\/wp-json\/wp\/v2\/types\/post"}],"author":[{"embeddable":true,"href":"https:\/\/www.tucomarca.com\/wordpress\/segunda\/ca\/wp-json\/wp\/v2\/users\/1"}],"replies":[{"embeddable":true,"href":"https:\/\/www.tucomarca.com\/wordpress\/segunda\/ca\/wp-json\/wp\/v2\/comments?post=98317"}],"version-history":[{"count":0,"href":"https:\/\/www.tucomarca.com\/wordpress\/segunda\/ca\/wp-json\/wp\/v2\/posts\/98317\/revisions"}],"wp:featuredmedia":[{"embeddable":true,"href":"https:\/\/www.tucomarca.com\/wordpress\/segunda\/ca\/wp-json\/wp\/v2\/media\/98315"}],"wp:attachment":[{"href":"https:\/\/www.tucomarca.com\/wordpress\/segunda\/ca\/wp-json\/wp\/v2\/media?parent=98317"}],"wp:term":[{"taxonomy":"category","embeddable":true,"href":"https:\/\/www.tucomarca.com\/wordpress\/segunda\/ca\/wp-json\/wp\/v2\/categories?post=98317"},{"taxonomy":"post_tag","embeddable":true,"href":"https:\/\/www.tucomarca.com\/wordpress\/segunda\/ca\/wp-json\/wp\/v2\/tags?post=98317"}],"curies":[{"name":"wp","href":"https:\/\/api.w.org\/{rel}","templated":true}]}}