{"id":98457,"date":"2020-01-17T21:01:08","date_gmt":"2020-01-17T19:01:08","guid":{"rendered":"http:\/\/www.tucomarca.com\/wordpress\/segunda\/?p=98457"},"modified":"2020-01-17T21:01:16","modified_gmt":"2020-01-17T19:01:16","slug":"grup-covinas-comenca-una-nova-etapa-amb-la-incorporacio-de-luis-miguel-calleja-com-enoleg-i-director-tecnic","status":"publish","type":"post","link":"https:\/\/www.tucomarca.com\/wordpress\/segunda\/ca\/grup-covinas-comenca-una-nova-etapa-amb-la-incorporacio-de-luis-miguel-calleja-com-enoleg-i-director-tecnic\/","title":{"rendered":"Grup Covi\u00f1as comen\u00e7a una nova etapa amb la incorporaci\u00f3 de Luis Miguel Calleja com en\u00f2leg i director t\u00e8cnic"},"content":{"rendered":"\n<p>La recent incorporaci\u00f3 de Luis Miguel Calleja com a nou Director T\u00e8cnic de el Grup Covi\u00f1as &#8220;obre una nova etapa amb una clara aposta per potenciar encara m\u00e9s la internacionalitzaci\u00f3 de el Grup&#8221;, segons fonts de la firma.<br> Luis Miguel \u00e9s un professional que compta amb una dilatada traject\u00f2ria en el sector, i que porta d\u00e8cades treballant en el m\u00f3n cooperatiu, encap\u00e7alant projectes d&#8217;internacionalitzaci\u00f3 de contrastat \u00e8xit en les diferents zones productores en qu\u00e8 ha desenvolupat la seva activitat professional.<\/p>\n\n\n\n<p>&#8220;I \u00e9s que des de la seua \u00e0mplia i extensa formaci\u00f3 com a t\u00e8cnic i durant els seus gaireb\u00e9 quatre d\u00e8cades de traject\u00f2ria professional, Luis Miguel Calleja ha treballat en el m\u00f3n cooperatiu a les zones productores d&#8217;Extremadura i de Castella la Manxa, sent per tant un perfecte coneixedor de la naturalesa intr\u00ednseca als cellers cooperatives. en moltes d&#8217;elles ha estat tamb\u00e9 el responsable d&#8217;ambiciosos programes d&#8217;internacionalitzaci\u00f3 amb el desenvolupament de noves l\u00ednies de producte creant l&#8217;oportunitat per arribar a acords amb prestigiosos importadors a pa\u00efsos d&#8217;Europa o d&#8217;Am\u00e8rica, sense oblidar \u00c0sia. Ent\u00e9n no nom\u00e9s de com elaborar grans vins, sin\u00f3 de com elaborar aquells vins que demanen els diferents mercats. la seua capacitat d&#8217;an\u00e0lisi, adaptaci\u00f3 i innovaci\u00f3 s\u00f3n valors clau que Covi\u00f1as ha sabut recon\u00e8ixer i amb qu\u00e8 es prepara una nova estrat\u00e8gia per al desenvolupament de noves l\u00ednies de negoci &#8220;, segons fonts del celler.<\/p>\n\n\n\n<p>Calleja arriba a Covi\u00f1as &#8220;en un moment clau per al Grup, ja que durant d\u00e8cades s&#8217;han anat posant els fonaments perqu\u00e8 els vins de Covi\u00f1as arribin a quants m\u00e9s racons de m\u00f3n millor. I \u00e9s en aquest terreny en el qual el Grup creu que Calleja pot aportar tota la seva experi\u00e8ncia per seguir creixent en la mateixa proporci\u00f3 que s&#8217;ha vingut fent en els \u00faltims anys &#8220;.<\/p>\n\n\n\n<p>Jos\u00e9 Miguel Medina, president de Covi\u00f1as, creu que l&#8217;experi\u00e8ncia de Calleja en el sector i especialment en el m\u00f3n cooperatiu &#8220;\u00e9s una garantia per afrontar una etapa il\u00b7lusionant en Covi\u00f1as i seguir sent refer\u00e8ncia obligada dins de la Denominaci\u00f3 d&#8217;Origen Utiel-Requena&#8221;. Per la seva banda, l&#8217;en\u00f2leg es mostra &#8220;il\u00b7lusionat amb aquest nou repte que representa el treball de milers de viticultors i un aut\u00e8ntic motor per a la comarca&#8221;.<\/p>\n\n\n\n<p><strong>Covi\u00f1as<\/strong><\/p>\n\n\n\n<p>Grup Covi\u00f1as \u00e9s una cooperativa de segon grau nascuda el 1965 a Requena (Val\u00e8ncia), que representa m\u00e9s de 3.000 agricultors de la zona agrupats en deu cooperatives. La superf\u00edcie de cultiu de Covi\u00f1as supera les 10.000 hect\u00e0rees, liderant la DOP Utiel-Requena amb m\u00e9s de el 40% de la superf\u00edcie de la vinya en propietat.<br>\nCovi\u00f1as elabora vins sota les marques enterizo, A l&#8217;Vent, Aula i Adnos, aix\u00ed com els caves enterizo, Aula i Marqu\u00e8s de Plata. Tots els seus vins s&#8217;elaboren sota les directrius marcades pel seu Director T\u00e8cnic i s&#8217;exporten a una trentena de pa\u00efsos, principalment a Regne Unit, Brasil i Austr\u00e0lia.<\/p>\n","protected":false},"excerpt":{"rendered":"<div class=\"mh-excerpt\">La recent incorporaci\u00f3 de Luis Miguel Calleja com a nou Director T\u00e8cnic de el Grup Covi\u00f1as &#8220;obre una nova etapa amb una clara aposta per potenciar encara m\u00e9s la internacionalitzaci\u00f3 de el Grup&#8221;, segons fonts <a class=\"mh-excerpt-more\" href=\"https:\/\/www.tucomarca.com\/wordpress\/segunda\/ca\/grup-covinas-comenca-una-nova-etapa-amb-la-incorporacio-de-luis-miguel-calleja-com-enoleg-i-director-tecnic\/\" title=\"Grup Covi\u00f1as comen\u00e7a una nova etapa amb la incorporaci\u00f3 de Luis Miguel Calleja com en\u00f2leg i director t\u00e8cnic\">[+] <\/a><\/div>\n","protected":false},"author":1,"featured_media":98455,"comment_status":"open","ping_status":"open","sticky":false,"template":"","format":"standard","meta":{"footnotes":""},"categories":[11006,11007,10908,10909,10896],"tags":[10387,10910],"class_list":{"0":"post-98457","1":"post","2":"type-post","3":"status-publish","4":"format-standard","5":"has-post-thumbnail","7":"category-canal-vinos","8":"category-ocio-y-cultura-ca","9":"category-requena-ca","10":"category-requena-utiel-ca","11":"category-seccion-ca","12":"tag-requena-utiel","13":"tag-requena-utiel-ca"},"_links":{"self":[{"href":"https:\/\/www.tucomarca.com\/wordpress\/segunda\/ca\/wp-json\/wp\/v2\/posts\/98457","targetHints":{"allow":["GET"]}}],"collection":[{"href":"https:\/\/www.tucomarca.com\/wordpress\/segunda\/ca\/wp-json\/wp\/v2\/posts"}],"about":[{"href":"https:\/\/www.tucomarca.com\/wordpress\/segunda\/ca\/wp-json\/wp\/v2\/types\/post"}],"author":[{"embeddable":true,"href":"https:\/\/www.tucomarca.com\/wordpress\/segunda\/ca\/wp-json\/wp\/v2\/users\/1"}],"replies":[{"embeddable":true,"href":"https:\/\/www.tucomarca.com\/wordpress\/segunda\/ca\/wp-json\/wp\/v2\/comments?post=98457"}],"version-history":[{"count":0,"href":"https:\/\/www.tucomarca.com\/wordpress\/segunda\/ca\/wp-json\/wp\/v2\/posts\/98457\/revisions"}],"wp:featuredmedia":[{"embeddable":true,"href":"https:\/\/www.tucomarca.com\/wordpress\/segunda\/ca\/wp-json\/wp\/v2\/media\/98455"}],"wp:attachment":[{"href":"https:\/\/www.tucomarca.com\/wordpress\/segunda\/ca\/wp-json\/wp\/v2\/media?parent=98457"}],"wp:term":[{"taxonomy":"category","embeddable":true,"href":"https:\/\/www.tucomarca.com\/wordpress\/segunda\/ca\/wp-json\/wp\/v2\/categories?post=98457"},{"taxonomy":"post_tag","embeddable":true,"href":"https:\/\/www.tucomarca.com\/wordpress\/segunda\/ca\/wp-json\/wp\/v2\/tags?post=98457"}],"curies":[{"name":"wp","href":"https:\/\/api.w.org\/{rel}","templated":true}]}}