{"id":98467,"date":"2020-01-17T21:44:51","date_gmt":"2020-01-17T19:44:51","guid":{"rendered":"http:\/\/www.tucomarca.com\/wordpress\/segunda\/?p=98467"},"modified":"2020-01-17T21:45:02","modified_gmt":"2020-01-17T19:45:02","slug":"godelleta-turis-iatova-i-bunyol-realitzen-les-seues-festes-de-sant-antoni","status":"publish","type":"post","link":"https:\/\/www.tucomarca.com\/wordpress\/segunda\/ca\/godelleta-turis-iatova-i-bunyol-realitzen-les-seues-festes-de-sant-antoni\/","title":{"rendered":"Godelleta, Tur\u00eds, I\u00e0tova i Bunyol realitzen les seues festes de Sant Antoni"},"content":{"rendered":"\n<p>La poblaci\u00f3 de Tur\u00eds inicia les celebracions de Sant Antoni Abat aquest any en els nostres pobles, aquest divendres, dia 17 de gener, a les 18,00 hores amb el trasllat de la imatge del sant ia les 19,00 hores amb l&#8217;entrada dels pins fins a la pla\u00e7a de la Constituci\u00f3.<br> El dissabte 18 a les 20,00 hores a la pla\u00e7a de la Constituci\u00f3 es cremar\u00e0 la foguera de m\u00e0 de la Reina de les Festes, Mar\u00eda S\u00e1nchez Gonz\u00e1lez, i la seva cort.<\/p>\n\n\n\n<p>Mentre que el diumenge al mat\u00ed a les 11,00 hores est\u00e0 prevista la missa amb la benedicci\u00f3 de rotllos; a les 12,00 hores la romeria pel recorregut de costum; i tot seguit la benedicci\u00f3 d&#8217;animals i el repartiment de rotllos. A les 14,00 h. a la Pla\u00e7a Vicent Ribes far\u00e0 una paella gegant amb la col\u00b7laboraci\u00f3 de Caixatur\u00eds.<\/p>\n\n\n\n<p>Bunyol celebrar\u00e0 a Sant Ant\u00f3n la tarda de dissabte 18 de gener, a partir de les 19,00 hores amb una gran foguera a la Pla\u00e7a de les Vendes en la qual es realitzar\u00e0 un sopar popular de torr\u00e0 en la qual podr\u00e0 participar qualsevol que pr\u00e8viament hagi inscrit amb el pagament de 2 euros en la Falla Las Ventas.<\/p>\n\n\n\n<p>\u00abLes Fogueres de Sant Ant\u00f3n s\u00f3n molt populars a totes les barriades de la poblaci\u00f3, amb aquest sopar la regidoria de Cultura Popular al costat de la Falla Les Vendes i l&#8217;Associaci\u00f3 de Hateros, vol apropar-se a la gent de Bunyol amb la celebraci\u00f3 d&#8217;aquesta gran foguera, la torr\u00e0 d&#8217;un porc i posterior discom\u00f2bil a Las Ventas \u00bbha afirmat el regidor de Cultura Popular, Rafa P\u00e9rez.<\/p>\n\n\n\n<p>Tamb\u00e9 \u00e9s el torn a Y\u00e1tova. Dissabte a les 16,00 hores comen\u00e7aran els actes amb dos bous de corda organitzat per la Penya Bou de Corda de Y\u00e1tova i a les 20,00 es prendr\u00e0 la foguera a la pla\u00e7a de la Constituci\u00f3.<\/p>\n\n\n\n<p>Diumenge a les 12,00 h, missa en honor a Sant Ant\u00f3n; 13,00 h. benedicci\u00f3 d&#8217;animals a les escales de l&#8217;esgl\u00e9sia dels Sants Reis, acompanyada per la Societat Uni\u00f3 Musical, la seva Musa i la seua Cort d&#8217;Honor, on es repartir\u00e0 pa de Sant Blai. Mans Unides oferir\u00e0 xocolata i bunyols amb fins solidaris.<\/p>\n\n\n\n<p>Godelleta tamb\u00e9 celebra la festivitat de Sant Antoni i de les Rel\u00edquies de Sant Pere i Sant Pau Ap\u00f2stols i l&#8217;Ajuntament convida a tota la poblaci\u00f3 a la foguera de Sant Antoni que tindr\u00e0 lloc a les 19,30 h. de dissabte a la Pla\u00e7a d&#8217;Espanya. La benedicci\u00f3 dels animals ser\u00e0 el diumenge a les 13,00 h. a la mateixa pla\u00e7a, i ja a la tarda hi haur\u00e0 una missa i la process\u00f3 de les Rel\u00edquies. <\/p>\n","protected":false},"excerpt":{"rendered":"<div class=\"mh-excerpt\">La poblaci\u00f3 de Tur\u00eds inicia les celebracions de Sant Antoni Abat aquest any en els nostres pobles, aquest divendres, dia 17 de gener, a les 18,00 hores amb el trasllat de la imatge del sant <a class=\"mh-excerpt-more\" href=\"https:\/\/www.tucomarca.com\/wordpress\/segunda\/ca\/godelleta-turis-iatova-i-bunyol-realitzen-les-seues-festes-de-sant-antoni\/\" title=\"Godelleta, Tur\u00eds, I\u00e0tova i Bunyol realitzen les seues festes de Sant Antoni\">[+] <\/a><\/div>\n","protected":false},"author":1,"featured_media":98468,"comment_status":"open","ping_status":"open","sticky":false,"template":"","format":"standard","meta":{"footnotes":""},"categories":[11019,10911,10898,10977,10980,10912,10902,11004,11008,10896,11047],"tags":[5952,3640],"class_list":{"0":"post-98467","1":"post","2":"type-post","3":"status-publish","4":"format-standard","5":"has-post-thumbnail","7":"category-agenda-ca","8":"category-bunol-ca","9":"category-ventana-ca","10":"category-godelleta-ca","11":"category-yatova-ca","12":"category-la-hoya-ca","13":"category-la-ribera-ca","14":"category-la-semana-en-imagenes-ca","15":"category-pueblos-en-fiestas-ca","16":"category-seccion-ca","17":"category-turis-ca","18":"tag-la-hoya-de-bunol-chiva","19":"tag-la-ribera-alta"},"_links":{"self":[{"href":"https:\/\/www.tucomarca.com\/wordpress\/segunda\/ca\/wp-json\/wp\/v2\/posts\/98467","targetHints":{"allow":["GET"]}}],"collection":[{"href":"https:\/\/www.tucomarca.com\/wordpress\/segunda\/ca\/wp-json\/wp\/v2\/posts"}],"about":[{"href":"https:\/\/www.tucomarca.com\/wordpress\/segunda\/ca\/wp-json\/wp\/v2\/types\/post"}],"author":[{"embeddable":true,"href":"https:\/\/www.tucomarca.com\/wordpress\/segunda\/ca\/wp-json\/wp\/v2\/users\/1"}],"replies":[{"embeddable":true,"href":"https:\/\/www.tucomarca.com\/wordpress\/segunda\/ca\/wp-json\/wp\/v2\/comments?post=98467"}],"version-history":[{"count":0,"href":"https:\/\/www.tucomarca.com\/wordpress\/segunda\/ca\/wp-json\/wp\/v2\/posts\/98467\/revisions"}],"wp:featuredmedia":[{"embeddable":true,"href":"https:\/\/www.tucomarca.com\/wordpress\/segunda\/ca\/wp-json\/wp\/v2\/media\/98468"}],"wp:attachment":[{"href":"https:\/\/www.tucomarca.com\/wordpress\/segunda\/ca\/wp-json\/wp\/v2\/media?parent=98467"}],"wp:term":[{"taxonomy":"category","embeddable":true,"href":"https:\/\/www.tucomarca.com\/wordpress\/segunda\/ca\/wp-json\/wp\/v2\/categories?post=98467"},{"taxonomy":"post_tag","embeddable":true,"href":"https:\/\/www.tucomarca.com\/wordpress\/segunda\/ca\/wp-json\/wp\/v2\/tags?post=98467"}],"curies":[{"name":"wp","href":"https:\/\/api.w.org\/{rel}","templated":true}]}}