{"id":98490,"date":"2020-01-22T05:35:00","date_gmt":"2020-01-22T03:35:00","guid":{"rendered":"http:\/\/www.tucomarca.com\/wordpress\/segunda\/?p=98490"},"modified":"2020-01-22T06:38:20","modified_gmt":"2020-01-22T04:38:20","slug":"video-turisme-reforca-lenfocament-professional-de-fitur-2020-incrementant-la-presencia-dempreses-un-40-respecte-a-ledicio-anterior","status":"publish","type":"post","link":"https:\/\/www.tucomarca.com\/wordpress\/segunda\/ca\/video-turisme-reforca-lenfocament-professional-de-fitur-2020-incrementant-la-presencia-dempreses-un-40-respecte-a-ledicio-anterior\/","title":{"rendered":"V\u00eddeo: Turisme refor\u00e7a l&#8217;enfocament professional de Fitur 2020 incrementant la pres\u00e8ncia d&#8217;empreses un 40% respecte a l&#8217;edici\u00f3 anterior"},"content":{"rendered":"\n<figure class=\"wp-block-embed-youtube wp-block-embed is-type-video is-provider-youtube wp-embed-aspect-16-9 wp-has-aspect-ratio\"><div class=\"wp-block-embed__wrapper\">\n<iframe loading=\"lazy\" title=\"Fitur Comunitat Valenciana 2020\" width=\"500\" height=\"281\" src=\"https:\/\/www.youtube.com\/embed\/z9P7ODpd6BM?feature=oembed\" frameborder=\"0\" allow=\"accelerometer; autoplay; clipboard-write; encrypted-media; gyroscope; picture-in-picture; web-share\" referrerpolicy=\"strict-origin-when-cross-origin\" allowfullscreen><\/iframe>\n<\/div><\/figure>\n\n\n\n<p>El secretari auton\u00f2mic de Turisme, Francesc Colomer, ha presentat les novetats de la pres\u00e8ncia de la Comunitat Valenciana en la pr\u00f2xima edici\u00f3 de Fitur 2020, que tindr\u00e0 lloc al recinte d&#8217;IFEMA a Madrid de l&#8217;22 a l&#8217;26 de gener.<\/p>\n\n\n\n<p>Francesc Colomer ha destacat que &#8220;enguany tornem a Fitur amb el mateix objectiu que en les \u00faltimes edicions, que \u00e9s incrementar la pres\u00e8ncia de professionals, donant protagonisme a les empreses i als productes experiencials&#8221;.<\/p>\n\n\n\n<p>El responsable de Turisme ha subratllat &#8220;l&#8217;increment d&#8217;empreses en aquesta nova edici\u00f3, que augmenten un 40% respecte a l&#8217;edici\u00f3 de 2019, sobretot a la zona dedicada a productes experiencials de l&#8217;estand&#8221; i ha ressaltat que l&#8217;ess\u00e8ncia de la fira &#8220;\u00e9s un espai per comprar i vendre, on el veritablement important \u00e9s el biaix professional&#8221;.<\/p>\n\n\n\n<p>En concret, en aquesta edici\u00f3 participaran un total de 282 empreses, 56 empreses i associacions amb taules identificades a la zona d&#8217;empreses i 160 a la zona expositiva de producte, dividida en quatre blocs diferenciats (Mediterrani Cultural: 47 empreses; Mediterrani Gastron\u00f2mic: 21 empreses; Mediterrani Natural: 45 empreses, i Mediterrani Actiu: 47 empreses).<\/p>\n\n\n\n<p>Colomer ha ressaltat que Fitur &#8220;\u00e9s la primera cita destacada de l&#8217;any per al sector tur\u00edstic espanyol i valenci\u00e0, encara que no \u00e9s la primera fira de l&#8217;any a la qual assistim&#8221;, a el temps que ha explicat que &#8220;des de Turisme hem previst, a m\u00e9s de Fitur , un intens calendari promocional en els principals mercats internacionals per mostrar la nostra oferta tur\u00edstica &#8220;.<\/p>\n\n\n\n<p>En aquest sentit, Colomer ha anunciat que, &#8220;durant 2020, tenim previst assistir a 43 fires i esdeveniments promocionals&#8221;, i ha assenyalat que &#8220;abans de la celebraci\u00f3 de Fitur, ja hem participat en altres cert\u00e0mens com Madrid Fusion o les fires que comencen a Holanda (Vakantiebeurs), \u00c0ustria (Mess) ia Finl\u00e0ndia (Matka) &#8220;.<\/p>\n\n\n\n<p>Aix\u00ed, s&#8217;han previst activitats en 13 mercats diferents: Espanya, Holanda, \u00c0ustria, Finl\u00e0ndia, Irlanda, Su\u00efssa, B\u00e8lgica, Alemanya, R\u00fassia, Regne Unit, Su\u00e8cia, It\u00e0lia i Fran\u00e7a.<\/p>\n\n\n\n<p>Colomer ha assenyalat que &#8220;a m\u00e9s, el 2020 Turisme continuar\u00e0 en la seva aposta per la diversificaci\u00f3 de l&#8217;oferta i per la promoci\u00f3 en fires i cert\u00e0mens especialitzats per productes, com el gastron\u00f2mic, golf, actiu i esportiu, cicloturisme, senderisme, busseig, MICE, orinitol\u00f3gico, ecoturisme, m\u00fasica, o el Premium &#8220;.<\/p>\n\n\n\n<p>Aix\u00ed mateix, &#8220;Turisme Comunitat Valenciana ha planificat m\u00e9s 250 accions internacionals en col\u00b7laboraci\u00f3 amb Turespa\u00f1a, entre les quals destaquen viatges de premsa, presentacions a agents, accions en xarxes socials, viatges de influencers, famtrips d&#8217;operadors tur\u00edstics o jornades inverses i directes en m\u00e9s de 30 mercats &#8220;.<\/p>\n\n\n\n<p>El secretari auton\u00f2mic de Turisme ha apuntat que &#8220;tenim com a prioritat donar protagonisme als diferents productes i experi\u00e8ncies que ofereix la Comunitat&#8221; i ha afegit que &#8220;el nostre objectiu \u00e9s assistir a les fires de turisme com \u00e9s Fitur per fer negoci, mostrar la nostra oferta, atreure visitants i nous mercats al nostre dest\u00ed &#8220;.<\/p>\n\n\n\n<p>Tamb\u00e9 ha explicat que &#8220;estarem en cinc espais diferents a Fitur 2020, on mostrarem l&#8217;oferta tur\u00edstica sota el nostre claim Mediterrani en Viu&#8221;.<\/p>\n\n\n\n<p>Colomer ha assenyalat que &#8220;els diversos espais i, especialment, l&#8217;estand principal, estan concebuts per servir com a espais de treball a empreses i entitats de el sector tur\u00edstic de la Comunitat, amb una de les tres grans illes dedicada en la seva integritat a una zona de negocis per a empreses i professionals de el sector tur\u00edstic valenci\u00e0 &#8220;.<\/p>\n\n\n\n<p>En aquesta l\u00ednia, ha explicat que &#8220;pretenem que l&#8217;estand sigui un espai a el servei de el sector tur\u00edstic, d&#8217;acord en altres grans cert\u00e0mens tur\u00edstics internacionals, en els quals tamb\u00e9 participa Turisme Comunitat Valenciana, com la World Travel Market, ITB, IMEX o IBTM World &#8220;.<\/p>\n\n\n\n<p>Pel que fa a les novetats en aquesta edici\u00f3, Francesc Colomer ha ressaltat que &#8220;farem durant la fira, per primera vegada, presentacions d&#8217;empreses amb producte experiencial de 6 minuts de durada cadascuna, a la qual s&#8217;han sumat 24 empreses adherides a CreaTurisme&#8221;.<\/p>\n\n\n\n<p>A m\u00e9s, Colomer ha ressaltat que durant Fitur &#8220;es duran a terme en els diferents espais de Turisme m\u00e9s de 240 activitats, que van des de tallers, presentacions a les sales de premsa ia la pla\u00e7a central o taules rodones fins a actuacions de grups musicals, o showcooking, entre altres &#8220;i ha afegit que&#8221; tenim confirmades 20 reunions amb responsables de diferents OETs (Oficines Espanyoles de Turisme) durant la fira &#8220;.<\/p>\n\n\n\n<p><strong>Estand de la Comunitat Valenciana<\/strong><\/p>\n\n\n\n<p>En total, l&#8217;estand principal de la Comunitat Valenciana a Fitur, ubicat a la cap\u00e7alera de l&#8217;pavell\u00f3 7 de recinte firal, comptar\u00e0 amb un espai de 2.053 metres quadrats dividits en tres grans illes.<\/p>\n\n\n\n<p>D&#8217;altra banda, es mantindran els espais a la zona de Fitur Gay LGTBI + i Fitur Festivals, que comptaran amb 36 metres quadrats cadascun d&#8217;ells en el Pavell\u00f3 3.<\/p>\n\n\n\n<p>A m\u00e9s, compta amb tres espais destinats a la gastronomia, com s\u00f3n el gastrobar, la zona d&#8217;showcooking i una zona de tastos.<\/p>\n\n\n\n<p>En aquesta edici\u00f3, Turisme Comunitat Valenciana ha adjudicat el disseny, construcci\u00f3 i muntatge dels estands (Fitur CV, Fitur Gai, Fitur Festivals, Fitur Empreses) mitjan\u00e7ant concurs p\u00fablic per procediment de contractaci\u00f3 obert a qu\u00e8 es van presentar un total de 5 empreses, a l&#8217;empresa Alab\u00e8s Muntatges i Realitzaci\u00f3 SL per import total de 531.160 (IVA excl\u00f2s), l&#8217;oferta econ\u00f2mica m\u00e9s avantatjosa de totes les presentades.<\/p>\n\n\n\n<p>A aquest contracte cal afegir els costos de l&#8217;espai i serveis annexos d&#8217;Ifema i l&#8217;espai de Fitur Cinema, a causa de que la convocat\u00f2ria d&#8217;aquest certamen no estava definida per part d&#8217;Ifema en el moment de la licitaci\u00f3.<\/p>\n\n\n\n<p>Es tracta d&#8217;un estand firal adaptable que a m\u00e9s de Fitur, s&#8217;utilitza adaptat per a la presentaci\u00f3 de l&#8217;oferta de la Comunitat Valenciana durant 2019 i 2020 en altres 10 fires: la Mostra de Turisme de la Comunitat Valenciana, World Travles Market Londres i IBTM World a Barcelona el 2019 i Madrid Fusi\u00f3n Madrid, Navartur Pamplona, \u200b\u200bSevatur Sant Sebasti\u00e0, B-Travel Barcelona, \u200b\u200bExpoexcavaciones Bilbao, Aratur Saragossa i Intur Valladolid el 2020.<\/p>\n","protected":false},"excerpt":{"rendered":"<div class=\"mh-excerpt\">El secretari auton\u00f2mic de Turisme, Francesc Colomer, ha presentat les novetats de la pres\u00e8ncia de la Comunitat Valenciana en la pr\u00f2xima edici\u00f3 de Fitur 2020, que tindr\u00e0 lloc al recinte d&#8217;IFEMA a Madrid de l&#8217;22 <a class=\"mh-excerpt-more\" href=\"https:\/\/www.tucomarca.com\/wordpress\/segunda\/ca\/video-turisme-reforca-lenfocament-professional-de-fitur-2020-incrementant-la-presencia-dempreses-un-40-respecte-a-ledicio-anterior\/\" title=\"V\u00eddeo: Turisme refor\u00e7a l&#8217;enfocament professional de Fitur 2020 incrementant la pres\u00e8ncia d&#8217;empreses un 40% respecte a l&#8217;edici\u00f3 anterior\">[+] <\/a><\/div>\n","protected":false},"author":1,"featured_media":98488,"comment_status":"open","ping_status":"open","sticky":false,"template":"","format":"standard","meta":{"footnotes":""},"categories":[11019,10898,10904,11007,10896],"tags":[10744,9607],"class_list":{"0":"post-98490","1":"post","2":"type-post","3":"status-publish","4":"format-standard","5":"has-post-thumbnail","7":"category-agenda-ca","8":"category-ventana-ca","9":"category-sin-categorizar-ca","10":"category-ocio-y-cultura-ca","11":"category-seccion-ca","12":"tag-agencia-valenciana-de-turisme","13":"tag-turisme"},"_links":{"self":[{"href":"https:\/\/www.tucomarca.com\/wordpress\/segunda\/ca\/wp-json\/wp\/v2\/posts\/98490","targetHints":{"allow":["GET"]}}],"collection":[{"href":"https:\/\/www.tucomarca.com\/wordpress\/segunda\/ca\/wp-json\/wp\/v2\/posts"}],"about":[{"href":"https:\/\/www.tucomarca.com\/wordpress\/segunda\/ca\/wp-json\/wp\/v2\/types\/post"}],"author":[{"embeddable":true,"href":"https:\/\/www.tucomarca.com\/wordpress\/segunda\/ca\/wp-json\/wp\/v2\/users\/1"}],"replies":[{"embeddable":true,"href":"https:\/\/www.tucomarca.com\/wordpress\/segunda\/ca\/wp-json\/wp\/v2\/comments?post=98490"}],"version-history":[{"count":0,"href":"https:\/\/www.tucomarca.com\/wordpress\/segunda\/ca\/wp-json\/wp\/v2\/posts\/98490\/revisions"}],"wp:featuredmedia":[{"embeddable":true,"href":"https:\/\/www.tucomarca.com\/wordpress\/segunda\/ca\/wp-json\/wp\/v2\/media\/98488"}],"wp:attachment":[{"href":"https:\/\/www.tucomarca.com\/wordpress\/segunda\/ca\/wp-json\/wp\/v2\/media?parent=98490"}],"wp:term":[{"taxonomy":"category","embeddable":true,"href":"https:\/\/www.tucomarca.com\/wordpress\/segunda\/ca\/wp-json\/wp\/v2\/categories?post=98490"},{"taxonomy":"post_tag","embeddable":true,"href":"https:\/\/www.tucomarca.com\/wordpress\/segunda\/ca\/wp-json\/wp\/v2\/tags?post=98490"}],"curies":[{"name":"wp","href":"https:\/\/api.w.org\/{rel}","templated":true}]}}