{"id":98674,"date":"2020-01-22T05:30:57","date_gmt":"2020-01-22T03:30:57","guid":{"rendered":"http:\/\/www.tucomarca.com\/wordpress\/segunda\/?p=98674"},"modified":"2020-01-22T06:39:02","modified_gmt":"2020-01-22T04:39:02","slug":"la-fsmcv-exporta-a-fitur-lexcellencia-musical-de-les-societats-musicals-com-a-destinacio-turistica","status":"publish","type":"post","link":"https:\/\/www.tucomarca.com\/wordpress\/segunda\/ca\/la-fsmcv-exporta-a-fitur-lexcellencia-musical-de-les-societats-musicals-com-a-destinacio-turistica\/","title":{"rendered":"La FSMCV exporta a Fitur l&#8217;excel\u00b7l\u00e8ncia musical de les societats musicals com a destinaci\u00f3 tur\u00edstica"},"content":{"rendered":"\n<p>La Federaci\u00f3 de Societats Musicals de la Comunitat Valenciana (FSMCV) exporta aquesta setmana a la Fira Internacional de Turisme (Fitur) que se celebra a IFEMA (Madrid) de l&#8217;22 a l&#8217;26 de gener, l&#8217;excel\u00b7l\u00e8ncia dels m\u00fasics valencians i promociona un dels projectes pioners de turisme musical i d&#8217;experi\u00e8ncies: &#8220;Music Immersion Travel&#8221;, impulsat per FSMCV i turisme Comunitat Valenciana.<br>\nLa Federaci\u00f3 comptar\u00e0 amb un espai propi dins de l&#8217;estand de Turisme Comunitat Valenciana, i en una clara aposta per la innovaci\u00f3, traslladar\u00e0 l&#8217;experi\u00e8ncia de les societats musicals en primera persona mitjan\u00e7ant una immersi\u00f3 a trav\u00e9s de la realitat virtual. Amb unes ulleres d&#8217;\u00faltima tecnologia, els assistents a la fira podran viure com se sent a l&#8217;gaudir d&#8217;una experi\u00e8ncia nascuda a la terra de la m\u00fasica: la Comunitat Valenciana.<br>\nLa FSMCV espera repetir l&#8217;\u00e8xit aconseguit al desembre, quan va anar a la fira Midwest Clinic de Chicago, una de les fires m\u00e9s importants d&#8217;educaci\u00f3 musical i m\u00fasica de banda de m\u00f3n, que atreu cada any a m\u00e9s de 17,000 persones, on assistents procedents de Jap\u00f3, Austr\u00e0lia, EUA, Canad\u00e0 o Europa van poder gaudir d&#8217;aquesta mateixa experi\u00e8ncia de realitat virtual, amb una gran acollida per part de p\u00fablic.<br>\nPer a la presidenta de FSMCV, Daniela Gonz\u00e1lez &#8220;les nostres societats musicals, declarades B\u00e9 d&#8217;Inter\u00e8s Cultural Immaterial, s\u00f3n considerades dins i fora de les nostres fronteres com un moviment art\u00edstic i social \u00fanic al m\u00f3n. Per aix\u00f2, la difusi\u00f3 d&#8217;aquest fenomen i la seva vinculaci\u00f3 amb el territori, com terra de m\u00fasica per excel\u00b7l\u00e8ncia, \u00e9s un eix estrat\u00e8gic en el qual vam treballar durant anys i que ara implementem amb innovaci\u00f3 tecnol\u00f2gica com la realitat virtual, per acostar cada vegada m\u00e9s, la nostra realitat musical a tothom &#8220;.<\/p>\n\n\n\n<p><strong>Music Immersion Travel: la m\u00fasica valenciana com a focus d&#8217;atracci\u00f3 tur\u00edstica<\/strong><br> Aquesta acci\u00f3 s&#8217;emmarca dins de la col\u00b7laboraci\u00f3 entre FSMCV i Turisme Comunitat Valenciana que t\u00e9 com a objectiu reivindicar la m\u00fasica de la Comunitat Valenciana i les seues societats musicals, declarades B\u00e9 d&#8217;Inter\u00e8s Cultural (BIC) el 2018, com a focus d&#8217;atracci\u00f3 tur\u00edstica.<br> En aquesta l\u00ednia, en col\u00b7laboraci\u00f3 amb Turisme Comunitat Valenciana, la FSMCV ha posat en marxa el projecte Music Immersion Travel, amb l&#8217;objectiu d&#8217;atraure m\u00fasics de tots els racons de la planeta per viure en primera persona l&#8217;experi\u00e8ncia de viure la m\u00fasica en el si d&#8217;una societat musical. A trav\u00e9s de diferents paquets tur\u00edstics, els m\u00fasics-turistes podran, a m\u00e9s d&#8217;experimentar la conviv\u00e8ncia al costat dels nostres m\u00fasics, gaudir de festes pr\u00f2pies del nostre patrimoni cultural com s\u00f3n les Falles, Moros i Cristians, o les Gaiates, entre d&#8217;altres.<\/p>\n\n\n\n<p><strong>Jove Banda i Jove Orquestra Simf\u00f2nica de FSMCV: ambaixadores de l&#8217;excel\u00b7l\u00e8ncia dels m\u00fasics valencians<\/strong><br> A m\u00e9s de Music Immersion Travel, la FSMCV exposa a FITUR amb l&#8217;objectiu de visibilitzar l&#8217;excel\u00b7l\u00e8ncia dels nostres m\u00fasics, considerats ambaixadors de la marca Comunitat Valenciana, tant dins de les nostres fronteres com en l&#8217;\u00e0mbit internacional. Ho far\u00e0 posant en valor les seves unitats art\u00edstiques: la Jove Orquestra Simf\u00f2nica i la Jove Banda Simf\u00f2nica. Aquestes formacions s&#8217;han convertit per m\u00e8rits propis en unitats art\u00edstiques d&#8217;alt rendiment, que gaudeixen de la millor consideraci\u00f3 tant nacional com internacional.<br> La Jove Orquestra Simf\u00f2nica de la Federaci\u00f3 de Societats Musicals de la Comunitat Valenciana \u00e9s una de les formacions joves m\u00e9s prestigioses, creada el 2014 amb la finalitat de promocionar l&#8217;estudi i la pr\u00e0ctica de la m\u00fasica en un vessant que \u00e9s complement\u00e0ria a l&#8217;experi\u00e8ncia band\u00edstica i amb els objectius de fomentar l&#8217;estudi i la pr\u00e0ctica de la m\u00fasica a el mateix temps que proporciona als estudiants l&#8217;oportunitat de treballar sota la direcci\u00f3 dels millors directors d&#8217;orquestra, accedint a un repertori orquestral d&#8217;alta qualitat i dificultat.<br> Per la seva banda, la Jove Banda Simf\u00f2nica de la FSMCV s&#8217;ha convertit en un referent en el moviment band\u00edstic de la Comunitat Valenciana des dels seus inicis l&#8217;any 2001. Est\u00e0 composta per m\u00e9s de 110 m\u00fasics de 18 i 28 anys, amb nivells acreditats en els conservatoris de grau mitj\u00e0 i superior, procedents de les societats musicals de la Comunitat Valenciana. A m\u00e9s, els m\u00fasics pertanyen a totes les comarques de la Comunitat Valenciana, com a mostra tamb\u00e9 de la vertebraci\u00f3 territorial que es materialitza a trav\u00e9s de les societats musicals i de la seva Federaci\u00f3.<\/p>\n\n\n\n<p><strong>Sobre la FSMCV<\/strong><\/p>\n\n\n\n<p>La FSMCV est\u00e0 composta actualment per 555 societats musicals, amb les seves respectives escoles de m\u00fasica, que agrupen 40.000 m\u00fasics i 60.000 alumnes que formen part d&#8217;aquest entorn associatiu i que disposen en les seves estructures de recursos humans, art\u00edstics i materials que la FSMCV pret\u00e9n potenciar i difondre, com a mostra de el ric patrimoni musical que atresora el nostre territori, derivat d&#8217;un moviment associatiu considerat \u00fanic al m\u00f3n.<\/p>\n","protected":false},"excerpt":{"rendered":"<div class=\"mh-excerpt\">La Federaci\u00f3 de Societats Musicals de la Comunitat Valenciana (FSMCV) exporta aquesta setmana a la Fira Internacional de Turisme (Fitur) que se celebra a IFEMA (Madrid) de l&#8217;22 a l&#8217;26 de gener, l&#8217;excel\u00b7l\u00e8ncia dels m\u00fasics <a class=\"mh-excerpt-more\" href=\"https:\/\/www.tucomarca.com\/wordpress\/segunda\/ca\/la-fsmcv-exporta-a-fitur-lexcellencia-musical-de-les-societats-musicals-com-a-destinacio-turistica\/\" title=\"La FSMCV exporta a Fitur l&#8217;excel\u00b7l\u00e8ncia musical de les societats musicals com a destinaci\u00f3 tur\u00edstica\">[+] <\/a><\/div>\n","protected":false},"author":1,"featured_media":98672,"comment_status":"open","ping_status":"open","sticky":false,"template":"","format":"standard","meta":{"footnotes":""},"categories":[11005,10898,10904,11007,10896],"tags":[220,11210],"class_list":{"0":"post-98674","1":"post","2":"type-post","3":"status-publish","4":"format-standard","5":"has-post-thumbnail","7":"category-canal-musica","8":"category-ventana-ca","9":"category-sin-categorizar-ca","10":"category-ocio-y-cultura-ca","11":"category-seccion-ca","12":"tag-fsmcv","13":"tag-fsmcv-ca"},"_links":{"self":[{"href":"https:\/\/www.tucomarca.com\/wordpress\/segunda\/ca\/wp-json\/wp\/v2\/posts\/98674","targetHints":{"allow":["GET"]}}],"collection":[{"href":"https:\/\/www.tucomarca.com\/wordpress\/segunda\/ca\/wp-json\/wp\/v2\/posts"}],"about":[{"href":"https:\/\/www.tucomarca.com\/wordpress\/segunda\/ca\/wp-json\/wp\/v2\/types\/post"}],"author":[{"embeddable":true,"href":"https:\/\/www.tucomarca.com\/wordpress\/segunda\/ca\/wp-json\/wp\/v2\/users\/1"}],"replies":[{"embeddable":true,"href":"https:\/\/www.tucomarca.com\/wordpress\/segunda\/ca\/wp-json\/wp\/v2\/comments?post=98674"}],"version-history":[{"count":0,"href":"https:\/\/www.tucomarca.com\/wordpress\/segunda\/ca\/wp-json\/wp\/v2\/posts\/98674\/revisions"}],"wp:featuredmedia":[{"embeddable":true,"href":"https:\/\/www.tucomarca.com\/wordpress\/segunda\/ca\/wp-json\/wp\/v2\/media\/98672"}],"wp:attachment":[{"href":"https:\/\/www.tucomarca.com\/wordpress\/segunda\/ca\/wp-json\/wp\/v2\/media?parent=98674"}],"wp:term":[{"taxonomy":"category","embeddable":true,"href":"https:\/\/www.tucomarca.com\/wordpress\/segunda\/ca\/wp-json\/wp\/v2\/categories?post=98674"},{"taxonomy":"post_tag","embeddable":true,"href":"https:\/\/www.tucomarca.com\/wordpress\/segunda\/ca\/wp-json\/wp\/v2\/tags?post=98674"}],"curies":[{"name":"wp","href":"https:\/\/api.w.org\/{rel}","templated":true}]}}