{"id":99085,"date":"2020-02-03T22:01:19","date_gmt":"2020-02-03T20:01:19","guid":{"rendered":"http:\/\/www.tucomarca.com\/wordpress\/segunda\/?p=99085"},"modified":"2020-02-03T22:01:29","modified_gmt":"2020-02-03T20:01:29","slug":"lajuntament-dandilla-sadhereix-a-la-xarxa-gastroturistica-de-la-comunitat-valenciana-lexquisit-mediterrani","status":"publish","type":"post","link":"https:\/\/www.tucomarca.com\/wordpress\/segunda\/ca\/lajuntament-dandilla-sadhereix-a-la-xarxa-gastroturistica-de-la-comunitat-valenciana-lexquisit-mediterrani\/","title":{"rendered":"L&#8217;Ajuntament d&#8217;Andilla s&#8217;adhereix a la Xarxa GastroTur\u00edstica de la Comunitat Valenciana &#8216;L&#8217;Exquisit Mediterrani&#8217;"},"content":{"rendered":"\n<p>L&#8217;Ajuntament d&#8217;Andilla s&#8217;ha adherit a la Xarxa GastroTur\u00edstica de la Comunitat Valenciana i la seva marca &#8216;L&#8217;exquisit Mediterrani&#8217;.<\/p>\n\n\n\n<p>El secretari auton\u00f2mic de Turisme, Francesc Colomer, ha assistit a la inauguraci\u00f3 de la III Concurs Gastron\u00f2mic Valenci\u00e0 de la T\u00f2fona d&#8217;Andilla que s&#8217;ha celebrat a l&#8217;Edifici Veles e Vents, on l&#8217;alcaldessa d&#8217;Andilla, Consuelo Alfonso, ha signat l&#8217;adhesi\u00f3 a la xarxa Gastrotur\u00edstica de la Comunitat Valenciana.<\/p>\n\n\n\n<p>La Xarxa GastroTur\u00edstica de la Comunitat Valenciana t\u00e9 com a missi\u00f3 connectar iniciatives i crear nodes al territori per preservar i desenvolupar la gastronomia pr\u00f2pia amb par\u00e0metres d&#8217;autenticitat, innovaci\u00f3 i sostenibilitat com a recurs tur\u00edstic de &#8220;primer ordre&#8221; vinculat a l&#8217;paisatge, a la cultura ia la economia; aix\u00ed com refor\u00e7ar els seus atributs mediterranis d&#8217;identitat i potenciar la imatge d&#8217;excel\u00b7l\u00e8ncia del producte a trav\u00e9s de la marca &#8216;L&#8217;Exquisit Mediterrani&#8217;.<\/p>\n\n\n\n<p>Des d&#8217;aquest moment, l&#8217;Ajuntament d&#8217;Andilla col\u00b7laborar\u00e0 amb Turisme i participar\u00e0 en els seus objectius i estrat\u00e8gies, per contribuir a la cohesi\u00f3 de les accions gastron\u00f2miques que es duen a terme al llarg del territori de la Comunitat i en tots els \u00e0mbits d&#8217;actuaci\u00f3, aix\u00ed com refor\u00e7ar la difusi\u00f3 de la marca d&#8217;excel\u00b7l\u00e8ncia &#8216;l&#8217;Exquisit Mediterrani&#8217;.<\/p>\n\n\n\n<p>Turisme i l&#8217;Ajuntament d&#8217;Andilla obren un nou espai de col\u00b7laboraci\u00f3 que es materialitzar\u00e0 en la participaci\u00f3 en f\u00f2rums, el desenvolupament de bones pr\u00e0ctiques per al desenvolupament sostenible i \u00e8tic de l&#8217;turisme gastron\u00f2mic, l&#8217;intercanvi actiu d&#8217;informaci\u00f3 i coordinaci\u00f3 d&#8217;actuacions<\/p>\n\n\n\n<p>Entre aquestes actuacions, cal esmentar el Concurs Valenci\u00e0 de la T\u00f2fona d&#8217;Andilla, la Fira Valenciana de la T\u00f2fona-Fivatruf, les Rutes Gastroculturales o el Gastromercado d&#8217;Andilla i, en definitiva, la protecci\u00f3 conjunta de la valor de la gastronomia pr\u00f2pia de la Comunitat Valenciana sota els valors de la marca &#8216;l&#8217;Exquisit Mediterrani&#8217;.<\/p>\n\n\n\n<p><strong>III Concurs Gastron\u00f2mic Valenci\u00e0 de la T\u00f2fona d&#8217;Andilla<\/strong><\/p>\n\n\n\n<p>Colomer ha ressaltat que &#8220;aquesta fira de la t\u00f2fona ens remet a l&#8217;\u00e0mbit rural, que \u00e9s un potencial que tenim a la Comunitat Valenciana que ens ajuda a explicar un relat que m\u00e9s enll\u00e0 de el sol i platja&#8221;.<\/p>\n\n\n\n<p>En aquesta l\u00ednia, ha destacat que &#8220;tenim productes amb molt potencial tur\u00edstic com la gastronomia que desperta un gran inter\u00e8s, motiva i inspira un viatge basant-autenticitats&#8221; i ha afegit que &#8220;des de Turisme hem d&#8217;impulsar i refor\u00e7ar aquests productes tur\u00edstics experiencials en els mercadois nacionals i internacionals &#8220;.<\/p>\n","protected":false},"excerpt":{"rendered":"<div class=\"mh-excerpt\">L&#8217;Ajuntament d&#8217;Andilla s&#8217;ha adherit a la Xarxa GastroTur\u00edstica de la Comunitat Valenciana i la seva marca &#8216;L&#8217;exquisit Mediterrani&#8217;. El secretari auton\u00f2mic de Turisme, Francesc Colomer, ha assistit a la inauguraci\u00f3 de la III Concurs Gastron\u00f2mic <a class=\"mh-excerpt-more\" href=\"https:\/\/www.tucomarca.com\/wordpress\/segunda\/ca\/lajuntament-dandilla-sadhereix-a-la-xarxa-gastroturistica-de-la-comunitat-valenciana-lexquisit-mediterrani\/\" title=\"L&#8217;Ajuntament d&#8217;Andilla s&#8217;adhereix a la Xarxa GastroTur\u00edstica de la Comunitat Valenciana &#8216;L&#8217;Exquisit Mediterrani&#8217;\">[+] <\/a><\/div>\n","protected":false},"author":1,"featured_media":99083,"comment_status":"open","ping_status":"open","sticky":false,"template":"","format":"standard","meta":{"footnotes":""},"categories":[11043,11046,10898,10948,10894,11007,10947,10896],"tags":[10400],"class_list":{"0":"post-99085","1":"post","2":"type-post","3":"status-publish","4":"format-standard","5":"has-post-thumbnail","7":"category-andilla-ca","8":"category-los-serranos-ca","9":"category-ventana-ca","10":"category-infraestructuras-ca","11":"category-la-comarca-ca","12":"category-ocio-y-cultura-ca","13":"category-politica","14":"category-seccion-ca","15":"tag-los-serranos"},"_links":{"self":[{"href":"https:\/\/www.tucomarca.com\/wordpress\/segunda\/ca\/wp-json\/wp\/v2\/posts\/99085","targetHints":{"allow":["GET"]}}],"collection":[{"href":"https:\/\/www.tucomarca.com\/wordpress\/segunda\/ca\/wp-json\/wp\/v2\/posts"}],"about":[{"href":"https:\/\/www.tucomarca.com\/wordpress\/segunda\/ca\/wp-json\/wp\/v2\/types\/post"}],"author":[{"embeddable":true,"href":"https:\/\/www.tucomarca.com\/wordpress\/segunda\/ca\/wp-json\/wp\/v2\/users\/1"}],"replies":[{"embeddable":true,"href":"https:\/\/www.tucomarca.com\/wordpress\/segunda\/ca\/wp-json\/wp\/v2\/comments?post=99085"}],"version-history":[{"count":0,"href":"https:\/\/www.tucomarca.com\/wordpress\/segunda\/ca\/wp-json\/wp\/v2\/posts\/99085\/revisions"}],"wp:featuredmedia":[{"embeddable":true,"href":"https:\/\/www.tucomarca.com\/wordpress\/segunda\/ca\/wp-json\/wp\/v2\/media\/99083"}],"wp:attachment":[{"href":"https:\/\/www.tucomarca.com\/wordpress\/segunda\/ca\/wp-json\/wp\/v2\/media?parent=99085"}],"wp:term":[{"taxonomy":"category","embeddable":true,"href":"https:\/\/www.tucomarca.com\/wordpress\/segunda\/ca\/wp-json\/wp\/v2\/categories?post=99085"},{"taxonomy":"post_tag","embeddable":true,"href":"https:\/\/www.tucomarca.com\/wordpress\/segunda\/ca\/wp-json\/wp\/v2\/tags?post=99085"}],"curies":[{"name":"wp","href":"https:\/\/api.w.org\/{rel}","templated":true}]}}