{"id":99091,"date":"2020-02-03T21:58:10","date_gmt":"2020-02-03T19:58:10","guid":{"rendered":"http:\/\/www.tucomarca.com\/wordpress\/segunda\/?p=99091"},"modified":"2020-02-03T21:58:20","modified_gmt":"2020-02-03T19:58:20","slug":"lajuntament-vol-que-la-nova-casa-de-la-joventut-es-converteixi-en-un-centre-de-referencia-per-leliana","status":"publish","type":"post","link":"https:\/\/www.tucomarca.com\/wordpress\/segunda\/ca\/lajuntament-vol-que-la-nova-casa-de-la-joventut-es-converteixi-en-un-centre-de-referencia-per-leliana\/","title":{"rendered":"L&#8217;Ajuntament vol que la nova Casa de la Joventut es converteixi en un centre de refer\u00e8ncia per l&#8217;Eliana"},"content":{"rendered":"\n<p>L&#8217;Ajuntament de l&#8217;Eliana va aprovar, al ple d&#8217;ahir, una modificaci\u00f3 en la planimetria de les normes que afecta la parcel\u00b7la de la Casa de la Joventut, per a poder dur a terme les obres d&#8217;ampliaci\u00f3 de la Biblioteca a la fi d&#8217;any, modernitzant les instal\u00b7lacions i donant cobertura a les necessitats del municipi.&nbsp;<\/p>\n\n\n\n<p>La parcel\u00b7la compta amb una superf\u00edcie de 2800 metres quadrats i albergar\u00e0 la Biblioteca Municipal, amb importants millores que inclouran una bebeteca, unes renovades \u00e0rees d&#8217;infantil i juvenil i, a m\u00e9s, tindr\u00e0 diferents punts d&#8217;acc\u00e9s amb ordinador lliure. La Sala d&#8217;Estudi tindr\u00e0 un jard\u00ed superior i se situar\u00e0 en una nova planta aut\u00f2noma, que estar\u00e0 oberta tot l&#8217;any, augmentant les hores d&#8217;estudi. Es dotar\u00e0 d&#8217;un nou Espai Jove que reformar\u00e0 la sala d&#8217;actes i es crearan diferents espais joves per a fer cursos i tallers, juntament amb la sala de descans, que es va incorporar l&#8217;any passat.&nbsp;<\/p>\n\n\n\n<p>La nova obra amb 600 metres de nova construcci\u00f3 \u00e9s una mesura que pret\u00e9n satisfer les necessitats culturals i d&#8217;oci dels joves elianeros i elianeras de la localitat. Per este motiu, des-de l&#8217;Ajuntament s&#8217;ha obert un canal de participaci\u00f3 ciutadana, on es tindran en compte les propostes de millora dels ve\u00efns i ve\u00efnes que vulguen fer-ho a trav\u00e9s del seg\u00fcent correu: participacio@leliana.es&nbsp;<\/p>\n\n\n\n<p>Des-de la Regidoria de Pol\u00edtiques de Joventut i Biblioteques, Jorge P\u00e9rez Comeche, considera que \u201c<em>es tracta d&#8217;una obra molt important i significativa per a la joventut, l&#8217;oci i la cultura de l&#8217;Eliana<\/em>\u201d. Per part seua, l&#8217;alcalde, Salvador Torrent, ha afegit que \u201c<em>els joves s\u00f3n el futur i cal apostar per ells a trav\u00e9s d&#8217;espais culturals, socials i c\u00edvics on puguen participar i cooperar de manera conjunta i la nova Casa de la Joventut \u00e9s l&#8217;espai idoni per a fer-lo<\/em>\u201d. A m\u00e9s, ha volgut remarcar que \u201c<em>les Biblioteques s\u00f3n el cor de la ciutat, at\u00e9s que alberguen el coneixement i la cultura, i en 2021, la nostra complir\u00e0 mig segle amb unes instal\u00b7lacions reformades i adaptades a les necessitats dels nostres ve\u00efns i ve\u00efnes<\/em>\u201d.<\/p>\n","protected":false},"excerpt":{"rendered":"<div class=\"mh-excerpt\">L&#8217;Ajuntament de l&#8217;Eliana va aprovar, al ple d&#8217;ahir, una modificaci\u00f3 en la planimetria de les normes que afecta la parcel\u00b7la de la Casa de la Joventut, per a poder dur a terme les obres d&#8217;ampliaci\u00f3 <a class=\"mh-excerpt-more\" href=\"https:\/\/www.tucomarca.com\/wordpress\/segunda\/ca\/lajuntament-vol-que-la-nova-casa-de-la-joventut-es-converteixi-en-un-centre-de-referencia-per-leliana\/\" title=\"L&#8217;Ajuntament vol que la nova Casa de la Joventut es converteixi en un centre de refer\u00e8ncia per l&#8217;Eliana\">[+] <\/a><\/div>\n","protected":false},"author":1,"featured_media":99089,"comment_status":"open","ping_status":"open","sticky":false,"template":"","format":"standard","meta":{"footnotes":""},"categories":[10892,10898,10948,10893,11007,10896],"tags":[10395],"class_list":{"0":"post-99091","1":"post","2":"type-post","3":"status-publish","4":"format-standard","5":"has-post-thumbnail","7":"category-camp-de-turia-ca","8":"category-ventana-ca","9":"category-infraestructuras-ca","10":"category-leliana-ca","11":"category-ocio-y-cultura-ca","12":"category-seccion-ca","13":"tag-camp-de-turia"},"_links":{"self":[{"href":"https:\/\/www.tucomarca.com\/wordpress\/segunda\/ca\/wp-json\/wp\/v2\/posts\/99091","targetHints":{"allow":["GET"]}}],"collection":[{"href":"https:\/\/www.tucomarca.com\/wordpress\/segunda\/ca\/wp-json\/wp\/v2\/posts"}],"about":[{"href":"https:\/\/www.tucomarca.com\/wordpress\/segunda\/ca\/wp-json\/wp\/v2\/types\/post"}],"author":[{"embeddable":true,"href":"https:\/\/www.tucomarca.com\/wordpress\/segunda\/ca\/wp-json\/wp\/v2\/users\/1"}],"replies":[{"embeddable":true,"href":"https:\/\/www.tucomarca.com\/wordpress\/segunda\/ca\/wp-json\/wp\/v2\/comments?post=99091"}],"version-history":[{"count":0,"href":"https:\/\/www.tucomarca.com\/wordpress\/segunda\/ca\/wp-json\/wp\/v2\/posts\/99091\/revisions"}],"wp:featuredmedia":[{"embeddable":true,"href":"https:\/\/www.tucomarca.com\/wordpress\/segunda\/ca\/wp-json\/wp\/v2\/media\/99089"}],"wp:attachment":[{"href":"https:\/\/www.tucomarca.com\/wordpress\/segunda\/ca\/wp-json\/wp\/v2\/media?parent=99091"}],"wp:term":[{"taxonomy":"category","embeddable":true,"href":"https:\/\/www.tucomarca.com\/wordpress\/segunda\/ca\/wp-json\/wp\/v2\/categories?post=99091"},{"taxonomy":"post_tag","embeddable":true,"href":"https:\/\/www.tucomarca.com\/wordpress\/segunda\/ca\/wp-json\/wp\/v2\/tags?post=99091"}],"curies":[{"name":"wp","href":"https:\/\/api.w.org\/{rel}","templated":true}]}}