{"id":99100,"date":"2020-02-03T21:54:47","date_gmt":"2020-02-03T19:54:47","guid":{"rendered":"http:\/\/www.tucomarca.com\/wordpress\/segunda\/?p=99100"},"modified":"2020-02-03T21:54:56","modified_gmt":"2020-02-03T19:54:56","slug":"els-escolars-de-benaguasil-commemoren-el-dia-de-larbre-plantant-250-exemplars","status":"publish","type":"post","link":"https:\/\/www.tucomarca.com\/wordpress\/segunda\/ca\/els-escolars-de-benaguasil-commemoren-el-dia-de-larbre-plantant-250-exemplars\/","title":{"rendered":"Els escolars de Benaguasil commemoren el Dia de l&#8217;Arbre plantant 250 exemplars"},"content":{"rendered":"\n<figure class=\"wp-block-image\"><img loading=\"lazy\" decoding=\"async\" width=\"1024\" height=\"683\" src=\"http:\/\/www.tucomarca.com\/wordpress\/segunda\/wp-content\/uploads\/2020\/02\/BenaguasilArbol2-1024x683.jpg\" alt=\"\" class=\"wp-image-99097\" srcset=\"https:\/\/www.tucomarca.com\/wordpress\/segunda\/wp-content\/uploads\/2020\/02\/BenaguasilArbol2-1024x683.jpg 1024w, https:\/\/www.tucomarca.com\/wordpress\/segunda\/wp-content\/uploads\/2020\/02\/BenaguasilArbol2-300x200.jpg 300w, https:\/\/www.tucomarca.com\/wordpress\/segunda\/wp-content\/uploads\/2020\/02\/BenaguasilArbol2-768x512.jpg 768w, https:\/\/www.tucomarca.com\/wordpress\/segunda\/wp-content\/uploads\/2020\/02\/BenaguasilArbol2.jpg 1600w\" sizes=\"auto, (max-width: 1024px) 100vw, 1024px\" \/><\/figure>\n\n\n\n<p>Els escolars dels centres educatius de Llu\u00eds Vives, Assumpci\u00f3 i de l&#8217;IES Benaguasil han celebrat el Dia de l&#8217;Arbre a la Comunitat Valenciana plantant un total de 250 exemplars de pins, llentiscle i arbo\u00e7os en els voltants de la costa de l&#8217;Ermita.<\/p>\n\n\n\n<p>Distribu\u00efts en grups i seguint les indicacions de la brigada municipal de jardineria i de l&#8217;alumnat del taller d&#8217;ocupaci\u00f3, els escolars han apr\u00e8s a plantar un arbre i han pogut con\u00e8ixer les pautes perqu\u00e8 els exemplars plantats creixin en bones condicions. Pr\u00e8viament han procedit a retirar residus abandonats a la muntanya aix\u00ed com a treure les males herbes i mala herba.<\/p>\n\n\n\n<p>Durant la jornada, organitzada per la regidoria de Sostenibilitat amb l&#8217;objectiu de conscienciar des d&#8217;edats primerenques de la import\u00e0ncia de tenir cura de la natura, l&#8217;alumnat s&#8217;ha involucrat en la cura de l&#8217;entorn demostrant que mantenir nets els espais naturals \u00e9s una tasca que ens competeix a tots.<\/p>\n\n\n\n<p>Els escolars han rebut com a obsequi per la seva participaci\u00f3 uns calendaris mediambientals per penjar a les seves classes.<\/p>\n","protected":false},"excerpt":{"rendered":"<div class=\"mh-excerpt\">Els escolars dels centres educatius de Llu\u00eds Vives, Assumpci\u00f3 i de l&#8217;IES Benaguasil han celebrat el Dia de l&#8217;Arbre a la Comunitat Valenciana plantant un total de 250 exemplars de pins, llentiscle i arbo\u00e7os en <a class=\"mh-excerpt-more\" href=\"https:\/\/www.tucomarca.com\/wordpress\/segunda\/ca\/els-escolars-de-benaguasil-commemoren-el-dia-de-larbre-plantant-250-exemplars\/\" title=\"Els escolars de Benaguasil commemoren el Dia de l&#8217;Arbre plantant 250 exemplars\">[+] <\/a><\/div>\n","protected":false},"author":1,"featured_media":99096,"comment_status":"open","ping_status":"open","sticky":false,"template":"","format":"standard","meta":{"footnotes":""},"categories":[10952,10892,10894,11004,10903,10896],"tags":[10395],"class_list":{"0":"post-99100","1":"post","2":"type-post","3":"status-publish","4":"format-standard","5":"has-post-thumbnail","7":"category-benaguasil-ca","8":"category-camp-de-turia-ca","9":"category-la-comarca-ca","10":"category-la-semana-en-imagenes-ca","11":"category-medio-ambiente-la-comarca-ca","12":"category-seccion-ca","13":"tag-camp-de-turia"},"_links":{"self":[{"href":"https:\/\/www.tucomarca.com\/wordpress\/segunda\/ca\/wp-json\/wp\/v2\/posts\/99100","targetHints":{"allow":["GET"]}}],"collection":[{"href":"https:\/\/www.tucomarca.com\/wordpress\/segunda\/ca\/wp-json\/wp\/v2\/posts"}],"about":[{"href":"https:\/\/www.tucomarca.com\/wordpress\/segunda\/ca\/wp-json\/wp\/v2\/types\/post"}],"author":[{"embeddable":true,"href":"https:\/\/www.tucomarca.com\/wordpress\/segunda\/ca\/wp-json\/wp\/v2\/users\/1"}],"replies":[{"embeddable":true,"href":"https:\/\/www.tucomarca.com\/wordpress\/segunda\/ca\/wp-json\/wp\/v2\/comments?post=99100"}],"version-history":[{"count":0,"href":"https:\/\/www.tucomarca.com\/wordpress\/segunda\/ca\/wp-json\/wp\/v2\/posts\/99100\/revisions"}],"wp:featuredmedia":[{"embeddable":true,"href":"https:\/\/www.tucomarca.com\/wordpress\/segunda\/ca\/wp-json\/wp\/v2\/media\/99096"}],"wp:attachment":[{"href":"https:\/\/www.tucomarca.com\/wordpress\/segunda\/ca\/wp-json\/wp\/v2\/media?parent=99100"}],"wp:term":[{"taxonomy":"category","embeddable":true,"href":"https:\/\/www.tucomarca.com\/wordpress\/segunda\/ca\/wp-json\/wp\/v2\/categories?post=99100"},{"taxonomy":"post_tag","embeddable":true,"href":"https:\/\/www.tucomarca.com\/wordpress\/segunda\/ca\/wp-json\/wp\/v2\/tags?post=99100"}],"curies":[{"name":"wp","href":"https:\/\/api.w.org\/{rel}","templated":true}]}}