{"id":99130,"date":"2020-02-04T11:12:00","date_gmt":"2020-02-04T09:12:00","guid":{"rendered":"http:\/\/www.tucomarca.com\/wordpress\/segunda\/?p=99130"},"modified":"2020-02-04T11:12:07","modified_gmt":"2020-02-04T09:12:07","slug":"musica-per-a-reduir-lansietat-i-la-depressio-dels-pacients-dhemodialisi","status":"publish","type":"post","link":"https:\/\/www.tucomarca.com\/wordpress\/segunda\/ca\/musica-per-a-reduir-lansietat-i-la-depressio-dels-pacients-dhemodialisi\/","title":{"rendered":"M\u00fasica per a reduir l&#8217;ansietat i la depressi\u00f3 dels pacients d&#8217;hemodi\u00e0lisi"},"content":{"rendered":"\n<p><strong>El Departament de Salut de Manises ha realitzat un estudi per a analitzar l&#8217;impacte en estos pacients<\/strong><\/p>\n\n\n\n<p><strong>El grau d&#8217;ansietat es redu\u00efx en 5,35 punts i el de depressi\u00f3 en 5,88<\/strong><\/p>\n\n\n\n<p>Les persones amb malaltia renal cr\u00f2nica que s&#8217;enfronten a un tractament d&#8217;hemodi\u00e0lisi experimenten una s\u00e8rie de canvis bruscs en la seva vida deguts a la pr\u00f2pia malaltia i a el tractament a qu\u00e8 han de sotmetre que poden dur-se a situacions d&#8217;ansietat. Aquestes persones estan exposades a grans motius d&#8217;estr\u00e8s: depend\u00e8ncia d&#8217;una m\u00e0quina, restriccions en la seva dieta o presa de l\u00edquids, inconvenients per a organitzar la seva vida, limitacions en les seves activitats f\u00edsica, complicacions amb l&#8217;acc\u00e9s vascular, situacions que poden generar un estat d&#8217;\u00e0nim desfavorable per afrontar la malaltia que pot desembocar en estats d&#8217;ansietat o estr\u00e8s.<\/p>\n\n\n\n<p>Per aix\u00f2, el Servei de Nefrologia de l&#8217;Hospital de Manises ha posat en marxa un programa per comprovar l&#8217;efecte que produeix la m\u00fasica en directe en els pacients que reben un tractament d&#8217;hemodi\u00e0lisi. &#8220;L&#8217;objectiu d&#8217;l&#8217;estudi que hem dut a terme a l&#8217;Hospital de Manises \u00e9s comprovar l&#8217;efecte de la m\u00fasica cl\u00e0ssica interpretada en directe sobre el grau d&#8217;ansietat i depressi\u00f3 en els pacients amb malaltia renal cr\u00f2nica que realitzen tractament amb hemodi\u00e0lisi&#8221; explica el cap de l&#8217; servei de Nefrologia, doctor Rafael Garc\u00eda Maset.<\/p>\n\n\n\n<p>El projecte forma part d&#8217;una investigaci\u00f3 duta a terme en conjunt entre el servei de Nefrologia de l&#8217;Hospital de Manises i la Universitat Polit\u00e8cnica de Val\u00e8ncia i que est\u00e0 realitzant la professora de Obo\u00e8, Miriam Serrano Soliva, per la seva tesi doctoral, al programa de doctorat de la Facultat de Belles Arts, sota la supervisi\u00f3 de l&#8217;professor i m\u00fasic Conrado Carrascosa L\u00f3pez. En aquesta tesi s&#8217;estudia l&#8217;abra\u00e7ada entre dues disciplines, la m\u00fasica en directe i la medicina, i el seu efecte benefici\u00f3s per als pacients, per als m\u00fasics i per al personal m\u00e8dic.<br>\n&nbsp;<br>\n&#8220;Durant un mes hem tocat m\u00fasica en directe amb 90 pacients que estaven realitzant un tractament d&#8217;hemodi\u00e0lisi, als quals s&#8217;han analitzat unes variables abans i despr\u00e9s de la intervenci\u00f3 musical&#8221;, indica Miriam Serrano. L&#8217;estudi s&#8217;ha realitzat amb un grup de control, format per 43 pacients, i un grup d&#8217;intervenci\u00f3 compost per 47 persones. A tots dos se&#8217;ls va realitzar els mateixos q\u00fcestionaris sobre qualitat de vida, ansietat i depressi\u00f3, validats per entitats cient\u00edfiques espec\u00edficament per a pacients amb malaltia renal.<\/p>\n\n\n\n<p>Durant l&#8217;estudi, es va analitzar el grau d&#8217;Ansietat i Depressi\u00f3 abans i despr\u00e9s de la intervenci\u00f3 musical en els dos grups. Mentre que en el grup de control, els nivells d&#8217;ansietat i estr\u00e8s es van mantenir sense canvis, en el grup on es va intervenir amb m\u00fasica en directe, el grau d&#8217;ansietat es va reduir una mitjana de 5,35 punts sobre una escala de 10, i en el nivell d&#8217;estr\u00e8s la reducci\u00f3 va ser de 5,88 punts.<\/p>\n","protected":false},"excerpt":{"rendered":"<div class=\"mh-excerpt\">El Departament de Salut de Manises ha realitzat un estudi per a analitzar l&#8217;impacte en estos pacients El grau d&#8217;ansietat es redu\u00efx en 5,35 punts i el de depressi\u00f3 en 5,88 Les persones amb malaltia <a class=\"mh-excerpt-more\" href=\"https:\/\/www.tucomarca.com\/wordpress\/segunda\/ca\/musica-per-a-reduir-lansietat-i-la-depressio-dels-pacients-dhemodialisi\/\" title=\"M\u00fasica per a reduir l&#8217;ansietat i la depressi\u00f3 dels pacients d&#8217;hemodi\u00e0lisi\">[+] <\/a><\/div>\n","protected":false},"author":12,"featured_media":99129,"comment_status":"open","ping_status":"open","sticky":false,"template":"","format":"standard","meta":{"footnotes":""},"categories":[11010,10894,10912,10896],"tags":[136],"class_list":{"0":"post-99130","1":"post","2":"type-post","3":"status-publish","4":"format-standard","5":"has-post-thumbnail","7":"category-canal-salud","8":"category-la-comarca-ca","9":"category-la-hoya-ca","10":"category-seccion-ca","11":"tag-hospital-de-manises"},"_links":{"self":[{"href":"https:\/\/www.tucomarca.com\/wordpress\/segunda\/ca\/wp-json\/wp\/v2\/posts\/99130","targetHints":{"allow":["GET"]}}],"collection":[{"href":"https:\/\/www.tucomarca.com\/wordpress\/segunda\/ca\/wp-json\/wp\/v2\/posts"}],"about":[{"href":"https:\/\/www.tucomarca.com\/wordpress\/segunda\/ca\/wp-json\/wp\/v2\/types\/post"}],"author":[{"embeddable":true,"href":"https:\/\/www.tucomarca.com\/wordpress\/segunda\/ca\/wp-json\/wp\/v2\/users\/12"}],"replies":[{"embeddable":true,"href":"https:\/\/www.tucomarca.com\/wordpress\/segunda\/ca\/wp-json\/wp\/v2\/comments?post=99130"}],"version-history":[{"count":0,"href":"https:\/\/www.tucomarca.com\/wordpress\/segunda\/ca\/wp-json\/wp\/v2\/posts\/99130\/revisions"}],"wp:featuredmedia":[{"embeddable":true,"href":"https:\/\/www.tucomarca.com\/wordpress\/segunda\/ca\/wp-json\/wp\/v2\/media\/99129"}],"wp:attachment":[{"href":"https:\/\/www.tucomarca.com\/wordpress\/segunda\/ca\/wp-json\/wp\/v2\/media?parent=99130"}],"wp:term":[{"taxonomy":"category","embeddable":true,"href":"https:\/\/www.tucomarca.com\/wordpress\/segunda\/ca\/wp-json\/wp\/v2\/categories?post=99130"},{"taxonomy":"post_tag","embeddable":true,"href":"https:\/\/www.tucomarca.com\/wordpress\/segunda\/ca\/wp-json\/wp\/v2\/tags?post=99130"}],"curies":[{"name":"wp","href":"https:\/\/api.w.org\/{rel}","templated":true}]}}