{"id":99137,"date":"2020-02-04T10:32:58","date_gmt":"2020-02-04T08:32:58","guid":{"rendered":"http:\/\/www.tucomarca.com\/wordpress\/segunda\/?p=99137"},"modified":"2020-02-04T10:33:18","modified_gmt":"2020-02-04T08:33:18","slug":"iii-concurs-per-la-memoria-historica-de-lies-la-foia-de-bunyol","status":"publish","type":"post","link":"https:\/\/www.tucomarca.com\/wordpress\/segunda\/ca\/iii-concurs-per-la-memoria-historica-de-lies-la-foia-de-bunyol\/","title":{"rendered":"Tercer concurs per la mem\u00f2ria hist\u00f2rica de l&#8217;IES La Foia de Bunyol"},"content":{"rendered":"\n<p>El proper dijous 6 de febrer tindr\u00e0 lloc l&#8217;acte p\u00fablic que d\u00f3na conclusi\u00f3 a la III Concurs per la Mem\u00f2ria Hist\u00f2rica que organitza l&#8217;IES La Foia de Bunyol. Ser\u00e0 a les 18 hores a la Sala d&#8217;Usos M\u00faltiples de l&#8217;institut.<\/p>\n\n\n\n<p>Aquesta \u00e9s la 3a edici\u00f3 de el concurs, obert a l&#8217;alumnat de 1r de Batxillerat. Els tres grups participants han realitzat un treball de recerca sobre el tema: &#8220;REPRESSI\u00d3 I EXILI A LA FOIA DE BUNYOL&#8221;. Aix\u00ed mateix, han preparat una representaci\u00f3 art\u00edstica, que oferiran a el p\u00fablic en l&#8217;acte de dijous.<\/p>\n\n\n\n<p>Un jurat professional i independent ser\u00e0 l&#8217;encarregat de valorar el treball de l&#8217;alumnat, tant la investigaci\u00f3 com la seva presentaci\u00f3 davant del p\u00fablic.<\/p>\n\n\n\n<p>Cal destacar que el grup guanyador viatjar\u00e0 al maig a Mauthausen per visitar els camps de concentraci\u00f3, en un projecte que porta a centenars de joves a \u00c0ustria cada any. Una any m\u00e9s, el Concurs de l&#8217;IES compta amb el patrocini de l&#8217;Ajuntament de Bu\u00f1ol.<\/p>\n","protected":false},"excerpt":{"rendered":"<div class=\"mh-excerpt\">El proper dijous 6 de febrer tindr\u00e0 lloc l&#8217;acte p\u00fablic que d\u00f3na conclusi\u00f3 a la III Concurs per la Mem\u00f2ria Hist\u00f2rica que organitza l&#8217;IES La Foia de Bunyol. Ser\u00e0 a les 18 hores a la <a class=\"mh-excerpt-more\" href=\"https:\/\/www.tucomarca.com\/wordpress\/segunda\/ca\/iii-concurs-per-la-memoria-historica-de-lies-la-foia-de-bunyol\/\" title=\"Tercer concurs per la mem\u00f2ria hist\u00f2rica de l&#8217;IES La Foia de Bunyol\">[+] <\/a><\/div>\n","protected":false},"author":12,"featured_media":99136,"comment_status":"open","ping_status":"open","sticky":false,"template":"","format":"standard","meta":{"footnotes":""},"categories":[11019,10911,10894,10912,11007,10896],"tags":[10746],"class_list":{"0":"post-99137","1":"post","2":"type-post","3":"status-publish","4":"format-standard","5":"has-post-thumbnail","7":"category-agenda-ca","8":"category-bunol-ca","9":"category-la-comarca-ca","10":"category-la-hoya-ca","11":"category-ocio-y-cultura-ca","12":"category-seccion-ca","13":"tag-ies-la-hoya-de-bunol"},"_links":{"self":[{"href":"https:\/\/www.tucomarca.com\/wordpress\/segunda\/ca\/wp-json\/wp\/v2\/posts\/99137","targetHints":{"allow":["GET"]}}],"collection":[{"href":"https:\/\/www.tucomarca.com\/wordpress\/segunda\/ca\/wp-json\/wp\/v2\/posts"}],"about":[{"href":"https:\/\/www.tucomarca.com\/wordpress\/segunda\/ca\/wp-json\/wp\/v2\/types\/post"}],"author":[{"embeddable":true,"href":"https:\/\/www.tucomarca.com\/wordpress\/segunda\/ca\/wp-json\/wp\/v2\/users\/12"}],"replies":[{"embeddable":true,"href":"https:\/\/www.tucomarca.com\/wordpress\/segunda\/ca\/wp-json\/wp\/v2\/comments?post=99137"}],"version-history":[{"count":0,"href":"https:\/\/www.tucomarca.com\/wordpress\/segunda\/ca\/wp-json\/wp\/v2\/posts\/99137\/revisions"}],"wp:featuredmedia":[{"embeddable":true,"href":"https:\/\/www.tucomarca.com\/wordpress\/segunda\/ca\/wp-json\/wp\/v2\/media\/99136"}],"wp:attachment":[{"href":"https:\/\/www.tucomarca.com\/wordpress\/segunda\/ca\/wp-json\/wp\/v2\/media?parent=99137"}],"wp:term":[{"taxonomy":"category","embeddable":true,"href":"https:\/\/www.tucomarca.com\/wordpress\/segunda\/ca\/wp-json\/wp\/v2\/categories?post=99137"},{"taxonomy":"post_tag","embeddable":true,"href":"https:\/\/www.tucomarca.com\/wordpress\/segunda\/ca\/wp-json\/wp\/v2\/tags?post=99137"}],"curies":[{"name":"wp","href":"https:\/\/api.w.org\/{rel}","templated":true}]}}