{"id":99143,"date":"2020-02-04T11:15:21","date_gmt":"2020-02-04T09:15:21","guid":{"rendered":"http:\/\/www.tucomarca.com\/wordpress\/segunda\/?p=99143"},"modified":"2020-02-04T11:15:29","modified_gmt":"2020-02-04T09:15:29","slug":"el-projecte-experimental-docupacio-adapt-t-2019-es-reuneix-amb-residencies-de-la-comarca-per-coneixer-les-seues-necessitats-laborals","status":"publish","type":"post","link":"https:\/\/www.tucomarca.com\/wordpress\/segunda\/ca\/el-projecte-experimental-docupacio-adapt-t-2019-es-reuneix-amb-residencies-de-la-comarca-per-coneixer-les-seues-necessitats-laborals\/","title":{"rendered":"El projecte experimental d&#8217;ocupaci\u00f3 ADAPT @ + T 2019 es reuneix amb resid\u00e8ncies de la comarca per con\u00e8ixer les seues necessitats laborals"},"content":{"rendered":"\n<p><strong>Amb l&#8217;objectiu d&#8217;establir l\u00ednies de col\u00b7laboraci\u00f3 que permeten potenciar les oportunitats laborals del territori, a trav\u00e9s de la qualificaci\u00f3 de persones en situaci\u00f3 de desocupaci\u00f3<\/strong><\/p>\n\n\n\n<p>El projecte experimental d&#8217;ocupaci\u00f3 ADAPT @ + T 2019, coordinat des de l&#8217;Acord Territorial en mat\u00e8ria d&#8217;Ocupaci\u00f3 i Desenvolupament Local de la Mancomunitat de l&#8217;Interior Terra de el Vi, es va reunir la setmana passada amb resid\u00e8ncies d&#8217;Utiel i Requena per con\u00e8ixer en profunditat les seues necessitats laborals i dur a terme una l\u00ednia de col\u00b7laboraci\u00f3 que permeti potenciar l&#8217;ocupabilitat al territori, a trav\u00e9s de la qualificaci\u00f3 de persones en situaci\u00f3 d&#8217;atur.<\/p>\n\n\n\n<p>Un dels objectius de l&#8217;esmentat projecte, emmarcat en les ajudes EMPACE 2019 de LABORA destinades a fomentar els acords territorials de el programa Avalem Territori, passa per crear una estructura participativa que connecti les necessitats reals de les persones, les empreses i que integri els diferents agents territorials. Un altre dels objectius, Adapted Training, busca establir una formaci\u00f3 a l&#8217;altura de les demandes espec\u00edfiques del territori que permeti la incorporaci\u00f3 a el mercat de treball de les persones que es formin en elles.<\/p>\n\n\n\n<p>En el cas de les resid\u00e8ncies, s&#8217;estudia la possibilitat d&#8217;impartir una formaci\u00f3 ocupacional coordinada que faciliti la inclusi\u00f3 laboral de persones aturades disposades a professionalitzar-se en l&#8217;\u00e0rea d&#8217;atenci\u00f3 social.<\/p>\n\n\n\n<p>L&#8217;Acord Territorial en Mat\u00e8ria d&#8217;Ocupaci\u00f3 i Desenvolupament Local de la Mancomunitat de l&#8217;Interior compta amb l&#8217;adhesi\u00f3 de diferents agents socials del territori, entre els quals es troben entitats p\u00fabliques i privades com ajuntaments, associacions, sindicats, grups d&#8217;acci\u00f3 local i empreses.<\/p>\n","protected":false},"excerpt":{"rendered":"<div class=\"mh-excerpt\">Amb l&#8217;objectiu d&#8217;establir l\u00ednies de col\u00b7laboraci\u00f3 que permeten potenciar les oportunitats laborals del territori, a trav\u00e9s de la qualificaci\u00f3 de persones en situaci\u00f3 de desocupaci\u00f3 El projecte experimental d&#8217;ocupaci\u00f3 ADAPT @ + T 2019, coordinat <a class=\"mh-excerpt-more\" href=\"https:\/\/www.tucomarca.com\/wordpress\/segunda\/ca\/el-projecte-experimental-docupacio-adapt-t-2019-es-reuneix-amb-residencies-de-la-comarca-per-coneixer-les-seues-necessitats-laborals\/\" title=\"El projecte experimental d&#8217;ocupaci\u00f3 ADAPT @ + T 2019 es reuneix amb resid\u00e8ncies de la comarca per con\u00e8ixer les seues necessitats laborals\">[+] <\/a><\/div>\n","protected":false},"author":12,"featured_media":97214,"comment_status":"open","ping_status":"open","sticky":false,"template":"","format":"standard","meta":{"footnotes":""},"categories":[10894,10908,10909,10896,11059],"tags":[7976],"class_list":{"0":"post-99143","1":"post","2":"type-post","3":"status-publish","4":"format-standard","5":"has-post-thumbnail","7":"category-la-comarca-ca","8":"category-requena-ca","9":"category-requena-utiel-ca","10":"category-seccion-ca","11":"category-utiel-ca","12":"tag-mancomunidad-tierra-del-vino"},"_links":{"self":[{"href":"https:\/\/www.tucomarca.com\/wordpress\/segunda\/ca\/wp-json\/wp\/v2\/posts\/99143","targetHints":{"allow":["GET"]}}],"collection":[{"href":"https:\/\/www.tucomarca.com\/wordpress\/segunda\/ca\/wp-json\/wp\/v2\/posts"}],"about":[{"href":"https:\/\/www.tucomarca.com\/wordpress\/segunda\/ca\/wp-json\/wp\/v2\/types\/post"}],"author":[{"embeddable":true,"href":"https:\/\/www.tucomarca.com\/wordpress\/segunda\/ca\/wp-json\/wp\/v2\/users\/12"}],"replies":[{"embeddable":true,"href":"https:\/\/www.tucomarca.com\/wordpress\/segunda\/ca\/wp-json\/wp\/v2\/comments?post=99143"}],"version-history":[{"count":0,"href":"https:\/\/www.tucomarca.com\/wordpress\/segunda\/ca\/wp-json\/wp\/v2\/posts\/99143\/revisions"}],"wp:featuredmedia":[{"embeddable":true,"href":"https:\/\/www.tucomarca.com\/wordpress\/segunda\/ca\/wp-json\/wp\/v2\/media\/97214"}],"wp:attachment":[{"href":"https:\/\/www.tucomarca.com\/wordpress\/segunda\/ca\/wp-json\/wp\/v2\/media?parent=99143"}],"wp:term":[{"taxonomy":"category","embeddable":true,"href":"https:\/\/www.tucomarca.com\/wordpress\/segunda\/ca\/wp-json\/wp\/v2\/categories?post=99143"},{"taxonomy":"post_tag","embeddable":true,"href":"https:\/\/www.tucomarca.com\/wordpress\/segunda\/ca\/wp-json\/wp\/v2\/tags?post=99143"}],"curies":[{"name":"wp","href":"https:\/\/api.w.org\/{rel}","templated":true}]}}