{"id":99300,"date":"2020-02-06T20:40:49","date_gmt":"2020-02-06T18:40:49","guid":{"rendered":"http:\/\/www.tucomarca.com\/wordpress\/segunda\/?p=99300"},"modified":"2020-02-06T20:40:58","modified_gmt":"2020-02-06T18:40:58","slug":"la-planta-de-caudete-de-las-fuentes-depura-mes-de-6-000-metres-cubics-daigua-a-lany-procedent-dels-lixiviats-de-labocador","status":"publish","type":"post","link":"https:\/\/www.tucomarca.com\/wordpress\/segunda\/ca\/la-planta-de-caudete-de-las-fuentes-depura-mes-de-6-000-metres-cubics-daigua-a-lany-procedent-dels-lixiviats-de-labocador\/","title":{"rendered":"La planta de Caudete de las Fuentes depura m\u00e9s de 6.000 metres c\u00fabics d&#8217;aigua a l&#8217;any procedent dels lixiviats de l&#8217;abocador"},"content":{"rendered":"\n<p><strong>El president del Consorci Val\u00e8ncia Interior, Robert Raga, visita les instal\u00b7lacions on es gestionen els residus de les cinc comarques de l&#8217;interior de la prov\u00edncia de Val\u00e8ncia<\/strong><\/p>\n\n\n\n<p>El president de el Consorci Val\u00e8ncia Interior i alcalde de Riba-roja de T\u00faria, Robert Raga, ha visitat les instal\u00b7lacions de Caudete de les Fonts per con\u00e8ixer de primera m\u00e0 el treball realitzat a la planta i en l&#8217;abocador. A m\u00e9s, s&#8217;ha dirigit a les persones treballadores a les quals ha felicitat perqu\u00e8 &#8220;amb el vostre treball esteu contribuint a complir amb les xifres de reciclatge que marca la Uni\u00f3 Europea i el Pla Integral de Residus de la Comunitat Valenciana&#8221;.<br>Durant la visita, Raga s&#8217;ha interessat pels processos de separaci\u00f3 dels materials aprofitables continguts en els residus, els llocs d&#8217;apilament de materials recuperats, aix\u00ed com les naus de compostatge i afinament. A m\u00e9s, s&#8217;ha comprovat de primera m\u00e0 com es tracten els lixiviats de l&#8217;abocador a la depuradora. De fet, a la planta de Caudete es depuren m\u00e9s de 6.000 metres c\u00fabics d&#8217;aigua a l&#8217;any procedent d&#8217;aquests residus. Aix\u00f2 permet que les instal\u00b7lacions es autoabastezcan de l&#8217;aigua que all\u00e0 mateix es depura i la utilitzen, entre altres coses, per a la neteja de maquin\u00e0ries i per aportar la humitat necess\u00e0ria a el proc\u00e9s de tractament de l&#8217;material bioestabilitzat.<br> El president ha visitat tamb\u00e9 el vas d&#8217;abocament on se li ha explicat el proc\u00e9s d&#8217;extracci\u00f3 primerenca de l&#8217;biog\u00e0s gr\u00e0cies a un projecte pioner que l&#8217;empresa adjudicat\u00e0ria ha desenvolupat. El proc\u00e9s consisteix en la captaci\u00f3 i l&#8217;extracci\u00f3 primerenca de biog\u00e0s durant la fase d&#8217;explotaci\u00f3 de l&#8217;abocador i no nom\u00e9s despr\u00e9s del segellat, com ve realitzant-habitualment.<br>&#8220;Despr\u00e9s de visitar les instal\u00b7lacions de Caudete de les Fonts i con\u00e8ixer de primera m\u00e0 el seu funcionament, tinc m\u00e9s clar que mai que tant aquesta planta com la de Ll\u00edria que vaig visitar tamb\u00e9 recentment, s\u00f3n de les m\u00e9s eficients que existeixen en l&#8217;actualitat a la Comunitat Valenciana &#8220;, ha manifestat el president. A m\u00e9s, ha afegit que el funcionament de les plantes &#8220;\u00e9s impecable&#8221;, on els treballadors i les treballadores &#8220;exerceixen una tasca encomiable ja que gr\u00e0cies a ells i elles el CVI est\u00e0 complint els objectius que ens marca la UE i el Pla Integral de Residus de la Comunitat Valenciana pel que fa a les xifres de recuperaci\u00f3 &#8220;.<br>Des que ha iniciat el seu mandat, el president de l&#8217;CVI ha visitat les instal\u00b7lacions de Ll\u00edria i Caudete i s&#8217;ha reunit amb representants de localitats de les sis mancomunitats que es troben en l&#8217;\u00e0mbit de el Consorci: Rac\u00f3 d&#8217;Adem\u00fas, Camp de T\u00faria, la Foia de Bunyol-Xiva, La Serran\u00eda, Alt T\u00faria i Terra de el Vi. D&#8217;aquesta manera, s&#8217;ha acostat l&#8217;ens municipal que presideix a les seus de les mancomunitats, per explicar els projectes que encap\u00e7ala el mateix Consorci i posar-se a disposici\u00f3 dels responsables p\u00fablics perqu\u00e8 puguin emprendre noves actuacions relacionades amb la gesti\u00f3 dels residus.<\/p>\n","protected":false},"excerpt":{"rendered":"<div class=\"mh-excerpt\">El president del Consorci Val\u00e8ncia Interior, Robert Raga, visita les instal\u00b7lacions on es gestionen els residus de les cinc comarques de l&#8217;interior de la prov\u00edncia de Val\u00e8ncia El president de el Consorci Val\u00e8ncia Interior i <a class=\"mh-excerpt-more\" href=\"https:\/\/www.tucomarca.com\/wordpress\/segunda\/ca\/la-planta-de-caudete-de-las-fuentes-depura-mes-de-6-000-metres-cubics-daigua-a-lany-procedent-dels-lixiviats-de-labocador\/\" title=\"La planta de Caudete de las Fuentes depura m\u00e9s de 6.000 metres c\u00fabics d&#8217;aigua a l&#8217;any procedent dels lixiviats de l&#8217;abocador\">[+] <\/a><\/div>\n","protected":false},"author":12,"featured_media":99299,"comment_status":"open","ping_status":"open","sticky":false,"template":"","format":"standard","meta":{"footnotes":""},"categories":[10890,10892,11046,10898,10948,10894,10912,10903,10947,10909,10906,10896],"tags":[417,10220],"class_list":{"0":"post-99300","1":"post","2":"type-post","3":"status-publish","4":"format-standard","5":"has-post-thumbnail","7":"category-ademus","8":"category-camp-de-turia-ca","9":"category-los-serranos-ca","10":"category-ventana-ca","11":"category-infraestructuras-ca","12":"category-la-comarca-ca","13":"category-la-hoya-ca","14":"category-medio-ambiente-la-comarca-ca","15":"category-politica","16":"category-requena-utiel-ca","17":"category-riba-roja-ca","18":"category-seccion-ca","19":"tag-consorcio-valencia-interior","20":"tag-cvi"},"_links":{"self":[{"href":"https:\/\/www.tucomarca.com\/wordpress\/segunda\/ca\/wp-json\/wp\/v2\/posts\/99300","targetHints":{"allow":["GET"]}}],"collection":[{"href":"https:\/\/www.tucomarca.com\/wordpress\/segunda\/ca\/wp-json\/wp\/v2\/posts"}],"about":[{"href":"https:\/\/www.tucomarca.com\/wordpress\/segunda\/ca\/wp-json\/wp\/v2\/types\/post"}],"author":[{"embeddable":true,"href":"https:\/\/www.tucomarca.com\/wordpress\/segunda\/ca\/wp-json\/wp\/v2\/users\/12"}],"replies":[{"embeddable":true,"href":"https:\/\/www.tucomarca.com\/wordpress\/segunda\/ca\/wp-json\/wp\/v2\/comments?post=99300"}],"version-history":[{"count":0,"href":"https:\/\/www.tucomarca.com\/wordpress\/segunda\/ca\/wp-json\/wp\/v2\/posts\/99300\/revisions"}],"wp:featuredmedia":[{"embeddable":true,"href":"https:\/\/www.tucomarca.com\/wordpress\/segunda\/ca\/wp-json\/wp\/v2\/media\/99299"}],"wp:attachment":[{"href":"https:\/\/www.tucomarca.com\/wordpress\/segunda\/ca\/wp-json\/wp\/v2\/media?parent=99300"}],"wp:term":[{"taxonomy":"category","embeddable":true,"href":"https:\/\/www.tucomarca.com\/wordpress\/segunda\/ca\/wp-json\/wp\/v2\/categories?post=99300"},{"taxonomy":"post_tag","embeddable":true,"href":"https:\/\/www.tucomarca.com\/wordpress\/segunda\/ca\/wp-json\/wp\/v2\/tags?post=99300"}],"curies":[{"name":"wp","href":"https:\/\/api.w.org\/{rel}","templated":true}]}}