{"id":99324,"date":"2020-02-06T20:29:58","date_gmt":"2020-02-06T18:29:58","guid":{"rendered":"http:\/\/www.tucomarca.com\/wordpress\/segunda\/?p=99324"},"modified":"2020-02-06T20:30:06","modified_gmt":"2020-02-06T18:30:06","slug":"el-pp-critica-el-psoe-haver-perdut-una-subvencio-de-180-000-euros-ja-concedida-a-leliana","status":"publish","type":"post","link":"https:\/\/www.tucomarca.com\/wordpress\/segunda\/ca\/el-pp-critica-el-psoe-haver-perdut-una-subvencio-de-180-000-euros-ja-concedida-a-leliana\/","title":{"rendered":"El PP critica el PSOE &#8220;haver perdut una subvenci\u00f3 de 180.000 euros ja concedida a l&#8217;Eliana&#8221;"},"content":{"rendered":"\n<p>\u00abMitjan\u00e7ant un decret, l&#8217;alcalde de l&#8217;PSOE SalvadorTorrent, ha renunciat a una subvenci\u00f3 concedida per la Diputaci\u00f3, per un valor de 175.370 euros i de la qual ja havia rebut un 90% en concepte de bestreta al desembre de 2018. Aquests diners anava destinat a &#8220;Millores de pavimentaci\u00f3, accessibilitat i instal\u00b7laci\u00f3 de voreres a la zona de les Casetes&#8221;\u00bb, segons han criticat des del Partit Popular.<\/p>\n\n\n\n<p>\u00abUn any despr\u00e9s, i davant la incapacitat de dur a terme les obres, l&#8217;Ajuntament de l&#8217;Eliana ha tornat els diners a la Diputaci\u00f3. A la ren\u00fancia i devoluci\u00f3 de la suculenta subvenci\u00f3 cal afegir que el company socialista, alcalde de Mislata i diputat provincial, Carlos Fern\u00e1ndez Bielsa, ha condemnat a el govern de l&#8217;Psoe de l&#8217;Eliana ha pagar els interessos de demora per haver tingut l&#8217;avan\u00e7ament en les arques municipals gaireb\u00e9 un any sense haver-lo utilitzat, un total de 5.724 euros que tamb\u00e9 ha d&#8217;abonar l&#8217;Ajuntament de l&#8217;Eliana \u00bb, han afegit des del PP.<\/p>\n\n\n\n<p>El Partit Popular va reclamar explicacions a l&#8217;\u00faltim ple ordinari despr\u00e9s de destapar aquesta situaci\u00f3, i va responsabilitzar \u00abl&#8217;haver ocultat la decisi\u00f3 i aquesta p\u00e8rdua, de m\u00e9s de 180.000 euros dels ve\u00efns de l&#8217;Eliana, a la mala gesti\u00f3 i la deixadesa de l&#8217;PSOE local\u00bb.<\/p>\n\n\n\n<p>En paraules de la portaveu de el Partit Popular de l&#8217;Eliana, Maria Jos\u00e9 Marco, \u00abja no ens sorpr\u00e8n res, la mala gesti\u00f3 municipal ens afecta a tots. A la manca de seguretat per l&#8217;onada de robatoris, la brut\u00edcia als carrers o l&#8217;increment d&#8217;impostos s&#8217;afegeix que per no posar-se a treballar, des del Psoe, hem perdut 180.000 \u20ac que eren del nostre poble \u00bb, i ha concl\u00f2s\u00ab a qualsevol empresa privada si un treballador, per la seva mala gesti\u00f3, perd 30 milions de les antigues pessetes era al carrer a l&#8217;endem\u00e0. Aqu\u00ed no es fa responsable ning\u00fa\u00bb.<\/p>\n\n\n\n<p>\u00abEl PSOE va recon\u00e8ixer al ple que lamentaven haver reintegrat la subvenci\u00f3 i ho atribu\u00efen a no poder tenir a temps l&#8217;adjudicaci\u00f3 i no poder complir els terminis\u00bb, han finalitzat els populars.<\/p>\n","protected":false},"excerpt":{"rendered":"<div class=\"mh-excerpt\">\u00abMitjan\u00e7ant un decret, l&#8217;alcalde de l&#8217;PSOE SalvadorTorrent, ha renunciat a una subvenci\u00f3 concedida per la Diputaci\u00f3, per un valor de 175.370 euros i de la qual ja havia rebut un 90% en concepte de bestreta <a class=\"mh-excerpt-more\" href=\"https:\/\/www.tucomarca.com\/wordpress\/segunda\/ca\/el-pp-critica-el-psoe-haver-perdut-una-subvencio-de-180-000-euros-ja-concedida-a-leliana\/\" title=\"El PP critica el PSOE &#8220;haver perdut una subvenci\u00f3 de 180.000 euros ja concedida a l&#8217;Eliana&#8221;\">[+] <\/a><\/div>\n","protected":false},"author":1,"featured_media":99322,"comment_status":"open","ping_status":"open","sticky":false,"template":"","format":"standard","meta":{"footnotes":""},"categories":[10892,10948,10894,10893,10947,10896],"tags":[10395,10899],"class_list":{"0":"post-99324","1":"post","2":"type-post","3":"status-publish","4":"format-standard","5":"has-post-thumbnail","7":"category-camp-de-turia-ca","8":"category-infraestructuras-ca","9":"category-la-comarca-ca","10":"category-leliana-ca","11":"category-politica","12":"category-seccion-ca","13":"tag-camp-de-turia","14":"tag-camp-de-turia-ca"},"_links":{"self":[{"href":"https:\/\/www.tucomarca.com\/wordpress\/segunda\/ca\/wp-json\/wp\/v2\/posts\/99324","targetHints":{"allow":["GET"]}}],"collection":[{"href":"https:\/\/www.tucomarca.com\/wordpress\/segunda\/ca\/wp-json\/wp\/v2\/posts"}],"about":[{"href":"https:\/\/www.tucomarca.com\/wordpress\/segunda\/ca\/wp-json\/wp\/v2\/types\/post"}],"author":[{"embeddable":true,"href":"https:\/\/www.tucomarca.com\/wordpress\/segunda\/ca\/wp-json\/wp\/v2\/users\/1"}],"replies":[{"embeddable":true,"href":"https:\/\/www.tucomarca.com\/wordpress\/segunda\/ca\/wp-json\/wp\/v2\/comments?post=99324"}],"version-history":[{"count":0,"href":"https:\/\/www.tucomarca.com\/wordpress\/segunda\/ca\/wp-json\/wp\/v2\/posts\/99324\/revisions"}],"wp:featuredmedia":[{"embeddable":true,"href":"https:\/\/www.tucomarca.com\/wordpress\/segunda\/ca\/wp-json\/wp\/v2\/media\/99322"}],"wp:attachment":[{"href":"https:\/\/www.tucomarca.com\/wordpress\/segunda\/ca\/wp-json\/wp\/v2\/media?parent=99324"}],"wp:term":[{"taxonomy":"category","embeddable":true,"href":"https:\/\/www.tucomarca.com\/wordpress\/segunda\/ca\/wp-json\/wp\/v2\/categories?post=99324"},{"taxonomy":"post_tag","embeddable":true,"href":"https:\/\/www.tucomarca.com\/wordpress\/segunda\/ca\/wp-json\/wp\/v2\/tags?post=99324"}],"curies":[{"name":"wp","href":"https:\/\/api.w.org\/{rel}","templated":true}]}}