{"id":99380,"date":"2020-02-07T20:42:20","date_gmt":"2020-02-07T18:42:20","guid":{"rendered":"http:\/\/www.tucomarca.com\/wordpress\/segunda\/?p=99380"},"modified":"2020-02-07T20:42:28","modified_gmt":"2020-02-07T18:42:28","slug":"lalcalde-dademus-angel-andres-es-reunix-amb-el-president-de-la-diputacio-toni-gaspar","status":"publish","type":"post","link":"https:\/\/www.tucomarca.com\/wordpress\/segunda\/ca\/lalcalde-dademus-angel-andres-es-reunix-amb-el-president-de-la-diputacio-toni-gaspar\/","title":{"rendered":"L&#8217;alcalde d&#8217;Adem\u00fas, \u00c1ngel Andr\u00e9s, es reunix amb el president de la Diputaci\u00f3, Toni Gaspar"},"content":{"rendered":"\n<p>L&#8217;alcalde d&#8217;Adem\u00fas, \u00c1ngel Andr\u00e9s, s&#8217;ha reunit en la seu central de la corporaci\u00f3 provincial amb el president de la Diputaci\u00f3 de Val\u00e8ncia, Toni Gaspar, i el diputat de Desenvolupament Rural, Ramiro Rivera, per a abordar diferents temes d&#8217;inter\u00e9s que afecten el municipi del Rinc\u00f3n d&#8217;Ademuz.<\/p>\n","protected":false},"excerpt":{"rendered":"<div class=\"mh-excerpt\">L&#8217;alcalde d&#8217;Adem\u00fas, \u00c1ngel Andr\u00e9s, s&#8217;ha reunit en la seu central de la corporaci\u00f3 provincial amb el president de la Diputaci\u00f3 de Val\u00e8ncia, Toni Gaspar, i el diputat de Desenvolupament Rural, Ramiro Rivera, per a abordar <a class=\"mh-excerpt-more\" href=\"https:\/\/www.tucomarca.com\/wordpress\/segunda\/ca\/lalcalde-dademus-angel-andres-es-reunix-amb-el-president-de-la-diputacio-toni-gaspar\/\" title=\"L&#8217;alcalde d&#8217;Adem\u00fas, \u00c1ngel Andr\u00e9s, es reunix amb el president de la Diputaci\u00f3, Toni Gaspar\">[+] <\/a><\/div>\n","protected":false},"author":12,"featured_media":99379,"comment_status":"open","ping_status":"open","sticky":false,"template":"","format":"standard","meta":{"footnotes":""},"categories":[10890,10926,10948,10894,10947,10896],"tags":[10397],"class_list":{"0":"post-99380","1":"post","2":"type-post","3":"status-publish","4":"format-standard","5":"has-post-thumbnail","7":"category-ademus","8":"category-ademus-ca","9":"category-infraestructuras-ca","10":"category-la-comarca-ca","11":"category-politica","12":"category-seccion-ca","13":"tag-ademuz"},"_links":{"self":[{"href":"https:\/\/www.tucomarca.com\/wordpress\/segunda\/ca\/wp-json\/wp\/v2\/posts\/99380","targetHints":{"allow":["GET"]}}],"collection":[{"href":"https:\/\/www.tucomarca.com\/wordpress\/segunda\/ca\/wp-json\/wp\/v2\/posts"}],"about":[{"href":"https:\/\/www.tucomarca.com\/wordpress\/segunda\/ca\/wp-json\/wp\/v2\/types\/post"}],"author":[{"embeddable":true,"href":"https:\/\/www.tucomarca.com\/wordpress\/segunda\/ca\/wp-json\/wp\/v2\/users\/12"}],"replies":[{"embeddable":true,"href":"https:\/\/www.tucomarca.com\/wordpress\/segunda\/ca\/wp-json\/wp\/v2\/comments?post=99380"}],"version-history":[{"count":0,"href":"https:\/\/www.tucomarca.com\/wordpress\/segunda\/ca\/wp-json\/wp\/v2\/posts\/99380\/revisions"}],"wp:featuredmedia":[{"embeddable":true,"href":"https:\/\/www.tucomarca.com\/wordpress\/segunda\/ca\/wp-json\/wp\/v2\/media\/99379"}],"wp:attachment":[{"href":"https:\/\/www.tucomarca.com\/wordpress\/segunda\/ca\/wp-json\/wp\/v2\/media?parent=99380"}],"wp:term":[{"taxonomy":"category","embeddable":true,"href":"https:\/\/www.tucomarca.com\/wordpress\/segunda\/ca\/wp-json\/wp\/v2\/categories?post=99380"},{"taxonomy":"post_tag","embeddable":true,"href":"https:\/\/www.tucomarca.com\/wordpress\/segunda\/ca\/wp-json\/wp\/v2\/tags?post=99380"}],"curies":[{"name":"wp","href":"https:\/\/api.w.org\/{rel}","templated":true}]}}