{"id":99418,"date":"2020-02-07T20:29:14","date_gmt":"2020-02-07T18:29:14","guid":{"rendered":"http:\/\/www.tucomarca.com\/wordpress\/segunda\/?p=99418"},"modified":"2020-02-07T20:29:32","modified_gmt":"2020-02-07T18:29:32","slug":"bonig-anuncia-la-campanya-menoscerca-per-denunciar-el-seu-parer-tsunami-dincidencies-a-rodalies-i-reclama-a-puig-que-es-plante-davant-madrid","status":"publish","type":"post","link":"https:\/\/www.tucomarca.com\/wordpress\/segunda\/ca\/bonig-anuncia-la-campanya-menoscerca-per-denunciar-el-seu-parer-tsunami-dincidencies-a-rodalies-i-reclama-a-puig-que-es-plante-davant-madrid\/","title":{"rendered":"Bonig anuncia la campanya #MenosCerca per denunciar el seu parer &#8220;tsunami&#8221; d&#8217;incid\u00e8ncies a Rodalies i reclama a Puig &#8220;que es plante davant Madrid&#8221;"},"content":{"rendered":"\n<p>La Presidenta de el Partit Popular de la Comunitat Valenciana (PPCV), Isabel Bonig ha advertit avui que les incid\u00e8ncies i les cancel\u00b7lacions en els trens de rodalies s&#8217;han multiplicat per 14 un &#8220;aut\u00e8ntic tsunami&#8221; pel que ha instat a President de la Generalitat , Ximo Puig a &#8220;plantar-se davant Madrid&#8221;.<\/p>\n\n\n\n<p>&nbsp;&nbsp;&nbsp;&nbsp;Bonig ha fet aquestes declaracions durant roda de premsa per anunciar que el PPCV ha creat un grup de treball per defensar un transport p\u00fablic de qualitat i llan\u00e7ar la campanya &#8220;MenosCerca&#8221; que recorrer\u00e0 tots els &#8220;punts negres&#8221; de les rodalies a la Comunitat Valenciana.<\/p>\n\n\n\n<p>&nbsp;&nbsp;&nbsp;&nbsp;Aix\u00ed, ha recordat que el 2015, Puig &#8220;carregava contra el Govern de l&#8217;PP reclamant millores a la xarxa, de manera que esperem que el proper 14 de febrer, data en la qual t\u00e9 una reuni\u00f3 amb el ministre \u00c1balos, defensi alt i clar el mateix i digui prou ja &#8220;. En aquest context, ha recordat que el 2015 es van registrar 543 cancel\u00b7lacions de rodalies mentre que el 2019 es van produir 7.600, 14 vegades m\u00e9s, 2.000 cancel\u00b7lacions m\u00e9s que en 2018 &#8220;.<\/p>\n\n\n\n<p>&nbsp;&nbsp;&nbsp;&nbsp;Per tot aix\u00f2, ha reclamat a el President que la setmana que ve &#8220;surti de la reuni\u00f3 amb compromisos reals, pressupostaris i dates concretes perqu\u00e8 les dades s\u00f3n escandalosos&#8221;. Aix\u00ed, ha recordat que al desembre de 2017 un ministre de l&#8217;PP, \u00cd\u00f1igo de la Serna, va presentar el Pla de Millora de Rodalies de la Comunitat dotat amb 1.436 milions d&#8217;inversi\u00f3 que inclo\u00efa la planificaci\u00f3 de l&#8217;Tren de la costa. &#8220;Aquell dia Puig ha dit que est\u00e0 satisfet per\u00f2 ara ja no el sentim&#8221;.<\/p>\n\n\n\n<p>&nbsp;&nbsp;&nbsp;&nbsp;El grup de treball creat pel PPCV &#8220;se centrar\u00e0 en instar el Govern de Pedro S\u00e1nchez que comenci a executar el pla que deixo previst el PP&#8221; a el temps que ha animat a utilitzar el fins #menoscerca a aquells usuaris que pateixin les conseq\u00fc\u00e8ncies de la mala planificaci\u00f3 d&#8217;\u00c1balos. &#8220;Volem la justa millora d&#8217;un transport p\u00fablic de qualitat, que vertebra i que lluita contra el canvi clim\u00e0tic&#8221;.<\/p>\n\n\n\n<p>&nbsp;&nbsp;&nbsp;&nbsp;A m\u00e9s, el PPCV presentar\u00e0 una moci\u00f3 en tots els ajuntaments &#8220;demanant que s&#8217;executi el pla de rodalies de el PP i que es posi soluci\u00f3 a aquest caos. Volem aterrar el problema i que la gent li posi cara a la situaci\u00f3 &#8220;.<\/p>\n\n\n\n<p>\u00a0\u00a0\u00a0\u00a0&#8220;No \u00e9s que no hi hagi pressupost, \u00e9s que quan governa l&#8217;esquerra hi ha caos en la gesti\u00f3 per la seva mala planificaci\u00f3, el PSOE est\u00e0 dessagnant el ferrocarril convencional: ni s&#8217;inverteix, ni es planifica ni es substitueixen les baixes&#8221;. Bonig ha criticat que ahir el PSPV vot\u00e9s en contra de la compareixen\u00e7a de la directora de Renfe, i ha assenyalat que el PP va demanar a m\u00e9s la compareixen\u00e7a de el conseller d&#8217;Infraestructures, Arcadi Espanya perqu\u00e8 &#8220;no sabem on \u00e9s ni qu\u00e8 fa, no sabem per qu\u00e8 no reclama el que necessitem&#8221;.<\/p>\n","protected":false},"excerpt":{"rendered":"<div class=\"mh-excerpt\">La Presidenta de el Partit Popular de la Comunitat Valenciana (PPCV), Isabel Bonig ha advertit avui que les incid\u00e8ncies i les cancel\u00b7lacions en els trens de rodalies s&#8217;han multiplicat per 14 un &#8220;aut\u00e8ntic tsunami&#8221; pel <a class=\"mh-excerpt-more\" href=\"https:\/\/www.tucomarca.com\/wordpress\/segunda\/ca\/bonig-anuncia-la-campanya-menoscerca-per-denunciar-el-seu-parer-tsunami-dincidencies-a-rodalies-i-reclama-a-puig-que-es-plante-davant-madrid\/\" title=\"Bonig anuncia la campanya #MenosCerca per denunciar el seu parer &#8220;tsunami&#8221; d&#8217;incid\u00e8ncies a Rodalies i reclama a Puig &#8220;que es plante davant Madrid&#8221;\">[+] <\/a><\/div>\n","protected":false},"author":1,"featured_media":99416,"comment_status":"open","ping_status":"open","sticky":false,"template":"","format":"standard","meta":{"footnotes":""},"categories":[10898,10948,10894,10904,10947,10896],"tags":[1112,11910,63,11344],"class_list":{"0":"post-99418","1":"post","2":"type-post","3":"status-publish","4":"format-standard","5":"has-post-thumbnail","7":"category-ventana-ca","8":"category-infraestructuras-ca","9":"category-la-comarca-ca","10":"category-sin-categorizar-ca","11":"category-politica","12":"category-seccion-ca","13":"tag-cercanias","14":"tag-cercanias-ca","15":"tag-pp","16":"tag-pp-ca"},"_links":{"self":[{"href":"https:\/\/www.tucomarca.com\/wordpress\/segunda\/ca\/wp-json\/wp\/v2\/posts\/99418","targetHints":{"allow":["GET"]}}],"collection":[{"href":"https:\/\/www.tucomarca.com\/wordpress\/segunda\/ca\/wp-json\/wp\/v2\/posts"}],"about":[{"href":"https:\/\/www.tucomarca.com\/wordpress\/segunda\/ca\/wp-json\/wp\/v2\/types\/post"}],"author":[{"embeddable":true,"href":"https:\/\/www.tucomarca.com\/wordpress\/segunda\/ca\/wp-json\/wp\/v2\/users\/1"}],"replies":[{"embeddable":true,"href":"https:\/\/www.tucomarca.com\/wordpress\/segunda\/ca\/wp-json\/wp\/v2\/comments?post=99418"}],"version-history":[{"count":0,"href":"https:\/\/www.tucomarca.com\/wordpress\/segunda\/ca\/wp-json\/wp\/v2\/posts\/99418\/revisions"}],"wp:featuredmedia":[{"embeddable":true,"href":"https:\/\/www.tucomarca.com\/wordpress\/segunda\/ca\/wp-json\/wp\/v2\/media\/99416"}],"wp:attachment":[{"href":"https:\/\/www.tucomarca.com\/wordpress\/segunda\/ca\/wp-json\/wp\/v2\/media?parent=99418"}],"wp:term":[{"taxonomy":"category","embeddable":true,"href":"https:\/\/www.tucomarca.com\/wordpress\/segunda\/ca\/wp-json\/wp\/v2\/categories?post=99418"},{"taxonomy":"post_tag","embeddable":true,"href":"https:\/\/www.tucomarca.com\/wordpress\/segunda\/ca\/wp-json\/wp\/v2\/tags?post=99418"}],"curies":[{"name":"wp","href":"https:\/\/api.w.org\/{rel}","templated":true}]}}