{"id":99515,"date":"2020-02-11T15:20:22","date_gmt":"2020-02-11T13:20:22","guid":{"rendered":"http:\/\/www.tucomarca.com\/wordpress\/segunda\/?p=99515"},"modified":"2020-02-11T15:21:00","modified_gmt":"2020-02-11T13:21:00","slug":"colomer-aposta-per-impulsar-iniciatives-que-ressalten-el-gran-potencial-turistic-i-gastronomic-de-les-comarques-dinterior","status":"publish","type":"post","link":"https:\/\/www.tucomarca.com\/wordpress\/segunda\/ca\/colomer-aposta-per-impulsar-iniciatives-que-ressalten-el-gran-potencial-turistic-i-gastronomic-de-les-comarques-dinterior\/","title":{"rendered":"Colomer aposta per impulsar iniciatives que &#8216;ressalten el gran potencial tur\u00edstic i gastron\u00f2mic de les comarques d&#8217;interior&#8217;"},"content":{"rendered":"\n<p>El secretari auton\u00f2mic de Turisme, Francesc Colomer, ha destacat la import\u00e0ncia d &#8216; &#8220;impulsar iniciatives que reivindiquin el gran potencial tur\u00edstic i gastron\u00f2mic de les comarques d&#8217;interior de la Comunitat Valenciana&#8221;.<\/p>\n\n\n\n<p>Colomer ha realitzat aquestes declaracions durant la presentaci\u00f3 de la quarta edici\u00f3 de la &#8216;Ruta de la Cullera&#8217; que ha tingut lloc al restaurant El Yantar de Requena.<\/p>\n\n\n\n<p>El secretari auton\u00f2mic ha participat juntament amb el president de Conhostur, Manuel Espinar, el president de la mancomunitat de l&#8217;Interior Terra de el Vi, Gabriel Mata; el president de la Mancomunitat del Teixeixo, Alejandro Porter; la presidenta de la Ruta el Vi Utiel-Requena, Ana S\u00faria, i l&#8217;alcalde de Requena, Mario S\u00e1nchez.<\/p>\n\n\n\n<p>Francesc Colomer ha ressaltat que &#8220;estem treballant per impulsar el turisme gastron\u00f2mic vinculat a el territori, per aix\u00f2, hem posat en marxa la nova marca gastrotur\u00edstica de la Comunitat Valenciana &#8216;L&#8217;Exquisit Mediterrani'&#8221;.<\/p>\n\n\n\n<p>Colomer ha destacat que &#8220;el turisme i la gastronomia \u00e9s una de les eines m\u00e9s potents que tenim per enfrontar-nos a el futur dels territoris&#8221; i ha explicat que &#8220;l&#8217;Exquisit Mediterrani \u00e9s un projecte com\u00fa que t\u00e9 a veure amb l&#8217;autenticitat, la qualitat i la projecci\u00f3, aix\u00ed com amb la formaci\u00f3 &#8220;.<\/p>\n\n\n\n<p>Tamb\u00e9 ha incidit que &#8220;el primer potencial d&#8217;el futur seran les persones, aix\u00ed com la recuperaci\u00f3 del que \u00e9s aut\u00e8ntic, i aquestes jornades posen aix\u00f2 en valor, ens porten per la direcci\u00f3 correcta<\/p>\n\n\n\n<p>A aquesta edici\u00f3 de les jornades dels plats de cullera se sumen sis nous municipis. Aix\u00ed, de el 14 febrer a l&#8217;1 de mar\u00e7, restaurants de Camporrobles, Caudete de les Fonts, Fuenterrobles, Requena, Set Aig\u00fces, Sinarcas, Utiel, vanta de l&#8217;Moro, Villargordo de l&#8217;Cabriel i Xera oferiran als seus clients men\u00fas especials, amb els plats de cullera com a protagonistes maridats amb vins de la denominaci\u00f3 d&#8217;origen Utiel-Requena, en els quals es poden trobar receptes tradicionals t\u00edpiques d&#8217;aquests municipis d&#8217;interior.<\/p>\n\n\n\n<p>IV Jornades dels Plats de Cullera<\/p>\n\n\n\n<p>Despr\u00e9s de l&#8217;\u00e8xit de les anteriors edicions, de l&#8217;14 de febrer a l&#8217;1 de mar\u00e7 tornen les IV Jornades dels Plats de Cullera, un projecte de Conhostur amb Turisme Comunitat Valenciana i l&#8217;Exquisit Mediterrani. S\u00f3n deu els municipis que participen en aquest esdeveniment gastron\u00f2mic i que, a m\u00e9s, formen part de la Ruta de el Vi Utiel-Requena.<\/p>\n\n\n\n<p>Aquest projecte neix amb l&#8217;objectiu de posar en valor la tradici\u00f3 gastron\u00f2mica i la gran qualitat de l&#8217;oferta de restauraci\u00f3 d&#8217;aquests municipis, promovent la gastronomia local com a senyal d&#8217;identitat i recurs tur\u00edstic. Aix\u00ed mateix, es pret\u00e9n establir una sin\u00e8rgia en aquesta campanya amb l&#8217;enoturisme, ja que col\u00b7laboren amb la ruta de l&#8217;vi a potenciar tant la visita a cellers (que tindran 50% de descompte) com la visita als restaurants. Aix\u00ed, s\u00f3n sieste els cellers participants i una alm\u00e0ssera.<\/p>\n\n\n\n<p>Els men\u00fas elaborats tindran com a protagonistes els plats de cullera de la gastronomia local i els productes aut\u00f2ctons, i estaran maridats amb vi de la comarca, s\u00f3n unes jornades que no nom\u00e9s acollir\u00e0 la prov\u00edncia de Val\u00e8ncia, sin\u00f3 tamb\u00e9 Alacant i Castell\u00f3, tot i que efectuaran la ruta de l&#8217;20 de febrer a l&#8217;1 de mar\u00e7 (12 municipis d&#8217;interior d&#8217;Alacant i 10 municipis d&#8217;interior de Castell\u00f3).<\/p>\n\n\n\n<p>A m\u00e9s, Renfe efectuar\u00e0 una oferta de places promocionals de l&#8217;50%, 60% i 70% bloquejades, de manera que nom\u00e9s les puguin comprar viatgers i viatgers amb origen Madrid-Requena o Requena-Madrid.<\/p>\n","protected":false},"excerpt":{"rendered":"<div class=\"mh-excerpt\">El secretari auton\u00f2mic de Turisme, Francesc Colomer, ha destacat la import\u00e0ncia d &#8216; &#8220;impulsar iniciatives que reivindiquin el gran potencial tur\u00edstic i gastron\u00f2mic de les comarques d&#8217;interior de la Comunitat Valenciana&#8221;. Colomer ha realitzat aquestes <a class=\"mh-excerpt-more\" href=\"https:\/\/www.tucomarca.com\/wordpress\/segunda\/ca\/colomer-aposta-per-impulsar-iniciatives-que-ressalten-el-gran-potencial-turistic-i-gastronomic-de-les-comarques-dinterior\/\" title=\"Colomer aposta per impulsar iniciatives que &#8216;ressalten el gran potencial tur\u00edstic i gastron\u00f2mic de les comarques d&#8217;interior&#8217;\">[+] <\/a><\/div>\n","protected":false},"author":1,"featured_media":99505,"comment_status":"open","ping_status":"open","sticky":false,"template":"","format":"standard","meta":{"footnotes":""},"categories":[10905,11031,11006,11032,11054,10898,10948,10894,10912,11007,10947,10908,10909,10896,10979,11059,11060,11061],"tags":[10387,10910],"class_list":{"0":"post-99515","1":"post","2":"type-post","3":"status-publish","4":"format-standard","5":"has-post-thumbnail","7":"category-agricultura-la-comarca-ca","8":"category-camporrobles-ca","9":"category-canal-vinos","10":"category-caudete-ca","11":"category-chera-ca","12":"category-ventana-ca","13":"category-infraestructuras-ca","14":"category-la-comarca-ca","15":"category-la-hoya-ca","16":"category-ocio-y-cultura-ca","17":"category-politica","18":"category-requena-ca","19":"category-requena-utiel-ca","20":"category-seccion-ca","21":"category-siete-aguas-ca","22":"category-utiel-ca","23":"category-venta-del-moro-ca","24":"category-villargordo-del-cabriel-ca","25":"tag-requena-utiel","26":"tag-requena-utiel-ca"},"_links":{"self":[{"href":"https:\/\/www.tucomarca.com\/wordpress\/segunda\/ca\/wp-json\/wp\/v2\/posts\/99515","targetHints":{"allow":["GET"]}}],"collection":[{"href":"https:\/\/www.tucomarca.com\/wordpress\/segunda\/ca\/wp-json\/wp\/v2\/posts"}],"about":[{"href":"https:\/\/www.tucomarca.com\/wordpress\/segunda\/ca\/wp-json\/wp\/v2\/types\/post"}],"author":[{"embeddable":true,"href":"https:\/\/www.tucomarca.com\/wordpress\/segunda\/ca\/wp-json\/wp\/v2\/users\/1"}],"replies":[{"embeddable":true,"href":"https:\/\/www.tucomarca.com\/wordpress\/segunda\/ca\/wp-json\/wp\/v2\/comments?post=99515"}],"version-history":[{"count":0,"href":"https:\/\/www.tucomarca.com\/wordpress\/segunda\/ca\/wp-json\/wp\/v2\/posts\/99515\/revisions"}],"wp:featuredmedia":[{"embeddable":true,"href":"https:\/\/www.tucomarca.com\/wordpress\/segunda\/ca\/wp-json\/wp\/v2\/media\/99505"}],"wp:attachment":[{"href":"https:\/\/www.tucomarca.com\/wordpress\/segunda\/ca\/wp-json\/wp\/v2\/media?parent=99515"}],"wp:term":[{"taxonomy":"category","embeddable":true,"href":"https:\/\/www.tucomarca.com\/wordpress\/segunda\/ca\/wp-json\/wp\/v2\/categories?post=99515"},{"taxonomy":"post_tag","embeddable":true,"href":"https:\/\/www.tucomarca.com\/wordpress\/segunda\/ca\/wp-json\/wp\/v2\/tags?post=99515"}],"curies":[{"name":"wp","href":"https:\/\/api.w.org\/{rel}","templated":true}]}}