{"id":99595,"date":"2020-02-13T19:35:36","date_gmt":"2020-02-13T17:35:36","guid":{"rendered":"http:\/\/www.tucomarca.com\/wordpress\/segunda\/?p=99595"},"modified":"2020-02-14T03:12:58","modified_gmt":"2020-02-14T01:12:58","slug":"el-sector-agrari-valencia-demana-la-participacio-de-la-societat-en-la-manifestacio-i-tractorada-dema-divendres-en-la-placa-de-sant-agusti","status":"publish","type":"post","link":"https:\/\/www.tucomarca.com\/wordpress\/segunda\/ca\/el-sector-agrari-valencia-demana-la-participacio-de-la-societat-en-la-manifestacio-i-tractorada-dema-divendres-en-la-placa-de-sant-agusti\/","title":{"rendered":"El sector agrari valenci\u00e0 demana la participaci\u00f3 de la societat en la manifestaci\u00f3 i tractorada aquest divendres en la Pla\u00e7a de Sant Agust\u00ed"},"content":{"rendered":"\n<p><strong>La manifestaci\u00f3 i tractorada que comen\u00e7ar\u00e0 a les 10 hores<\/strong><\/p>\n\n\n\n<p>Les principals organitzacions agr\u00e0ries de la Comunitat Valenciana L&#8217;Associaci\u00f3 Valenciana d&#8217;Agricultors (AVA-ASAJA) , ASAJA Alicante-J\u00f3venes Agricultors, la Federaci\u00f3 Provincial d&#8217;Agricultors i Ramaders de Castell\u00f3 (FEPAC-ASAJA) , La Uni\u00f3 de Llauradors i Ramaders i la Uni\u00f3 de Xicotets Agricultors i Ramaders del Pa\u00eds Valenci\u00e0 (UPA-PV) &#8211; criden a la participaci\u00f3 de la societat en la manifestaci\u00f3 i tractorada convocada dem\u00e0, 14 de febrer, a Val\u00e8ncia davant de la situaci\u00f3 l\u00edmit dels agricultors i ramaders.&nbsp;<\/p>\n\n\n\n<p>La concentraci\u00f3 comen\u00e7ar\u00e0 a les 10 hores en la Pla\u00e7a de Sant Agust\u00ed, on els portaveus de les associacions convocants atendran als mitjans de comunicaci\u00f3. A les 11 hores s&#8217;iniciar\u00e0 el recorregut, primer de persones i despr\u00e9s de tractors, cap al carrer X\u00e0tiva, el carrer Colom, la Porta de la Mar i l&#8217;avinguda de Navarro Reverter. Sobre les 12:30 hores est\u00e0 previst que la periodista agr\u00e0ria Silvia S\u00f2ria present els parlaments en la Pla\u00e7a Am\u00e8rica. Finalment, els representants del sector es despla\u00e7aran a la Pla\u00e7a del Temple per a entregar a la nova delegada del Govern, Gloria Calero, un document reivindicatiu i la petici\u00f3 d&#8217;una reuni\u00f3 per a abordar mesures dirigides a millorar la rendibilitat dels productors.<\/p>\n","protected":false},"excerpt":{"rendered":"<div class=\"mh-excerpt\">La manifestaci\u00f3 i tractorada que comen\u00e7ar\u00e0 a les 10 hores Les principals organitzacions agr\u00e0ries de la Comunitat Valenciana L&#8217;Associaci\u00f3 Valenciana d&#8217;Agricultors (AVA-ASAJA) , ASAJA Alicante-J\u00f3venes Agricultors, la Federaci\u00f3 Provincial d&#8217;Agricultors i Ramaders de Castell\u00f3 (FEPAC-ASAJA) <a class=\"mh-excerpt-more\" href=\"https:\/\/www.tucomarca.com\/wordpress\/segunda\/ca\/el-sector-agrari-valencia-demana-la-participacio-de-la-societat-en-la-manifestacio-i-tractorada-dema-divendres-en-la-placa-de-sant-agusti\/\" title=\"El sector agrari valenci\u00e0 demana la participaci\u00f3 de la societat en la manifestaci\u00f3 i tractorada aquest divendres en la Pla\u00e7a de Sant Agust\u00ed\">[+] <\/a><\/div>\n","protected":false},"author":12,"featured_media":99594,"comment_status":"open","ping_status":"open","sticky":false,"template":"","format":"standard","meta":{"footnotes":""},"categories":[10890,10905,10951,10892,11006,11046,10898,10963,10894,10904,10912,10902,10909,10896],"tags":[328],"class_list":{"0":"post-99595","1":"post","2":"type-post","3":"status-publish","4":"format-standard","5":"has-post-thumbnail","7":"category-ademus","8":"category-agricultura-la-comarca-ca","9":"category-ayora-cofrentes-ca","10":"category-camp-de-turia-ca","11":"category-canal-vinos","12":"category-los-serranos-ca","13":"category-ventana-ca","14":"category-la-canal-de-navarres-ca","15":"category-la-comarca-ca","16":"category-sin-categorizar-ca","17":"category-la-hoya-ca","18":"category-la-ribera-ca","19":"category-requena-utiel-ca","20":"category-seccion-ca","21":"tag-ava-asaja"},"_links":{"self":[{"href":"https:\/\/www.tucomarca.com\/wordpress\/segunda\/ca\/wp-json\/wp\/v2\/posts\/99595","targetHints":{"allow":["GET"]}}],"collection":[{"href":"https:\/\/www.tucomarca.com\/wordpress\/segunda\/ca\/wp-json\/wp\/v2\/posts"}],"about":[{"href":"https:\/\/www.tucomarca.com\/wordpress\/segunda\/ca\/wp-json\/wp\/v2\/types\/post"}],"author":[{"embeddable":true,"href":"https:\/\/www.tucomarca.com\/wordpress\/segunda\/ca\/wp-json\/wp\/v2\/users\/12"}],"replies":[{"embeddable":true,"href":"https:\/\/www.tucomarca.com\/wordpress\/segunda\/ca\/wp-json\/wp\/v2\/comments?post=99595"}],"version-history":[{"count":0,"href":"https:\/\/www.tucomarca.com\/wordpress\/segunda\/ca\/wp-json\/wp\/v2\/posts\/99595\/revisions"}],"wp:featuredmedia":[{"embeddable":true,"href":"https:\/\/www.tucomarca.com\/wordpress\/segunda\/ca\/wp-json\/wp\/v2\/media\/99594"}],"wp:attachment":[{"href":"https:\/\/www.tucomarca.com\/wordpress\/segunda\/ca\/wp-json\/wp\/v2\/media?parent=99595"}],"wp:term":[{"taxonomy":"category","embeddable":true,"href":"https:\/\/www.tucomarca.com\/wordpress\/segunda\/ca\/wp-json\/wp\/v2\/categories?post=99595"},{"taxonomy":"post_tag","embeddable":true,"href":"https:\/\/www.tucomarca.com\/wordpress\/segunda\/ca\/wp-json\/wp\/v2\/tags?post=99595"}],"curies":[{"name":"wp","href":"https:\/\/api.w.org\/{rel}","templated":true}]}}