{"id":99607,"date":"2020-02-13T21:43:47","date_gmt":"2020-02-13T19:43:47","guid":{"rendered":"http:\/\/www.tucomarca.com\/wordpress\/segunda\/?p=99607"},"modified":"2020-02-13T21:44:51","modified_gmt":"2020-02-13T19:44:51","slug":"la-generalitat-collabora-en-la-rehabilitacio-de-la-placa-de-la-torre-de-riba-roja-a-traves-de-fons-europeus-feder","status":"publish","type":"post","link":"https:\/\/www.tucomarca.com\/wordpress\/segunda\/ca\/la-generalitat-collabora-en-la-rehabilitacio-de-la-placa-de-la-torre-de-riba-roja-a-traves-de-fons-europeus-feder\/","title":{"rendered":"La Generalitat col\u00b7labora en la rehabilitaci\u00f3 de la pla\u00e7a de la Torre de Riba-roja a trav\u00e9s de fons europeus Feder"},"content":{"rendered":"\n<p>El director general d&#8217;Administraci\u00f3 Local, Antoni Such, ha mantingut una reuni\u00f3 amb l&#8217;alcalde de Riba-roja, Robert Raga, per tractar diferents temes d&#8217;inter\u00e8s del municipi, entre els quals cal destacar la finalitzaci\u00f3 de les obres de la pla\u00e7a de la torre de la localitat de Camp de T\u00faria.<\/p>\n\n\n\n<p>A la reuni\u00f3 Antoni Such ha manifestat que la Generalitat seguir\u00e0 col\u00b7laborant amb l&#8217;Ajuntament, a trav\u00e9s de fons Feder, per acabar el m\u00e9s aviat possible les obres, ja iniciades en la legislatura anterior.<\/p>\n\n\n\n<p>Un altre dels assumptes m\u00e9s rellevants per a aquesta localitat que s&#8217;ha tractat en la trobada ha estat la possibilitat que la Generalitat assumeixi les compet\u00e8ncies de l&#8217;conservatori de dansa.<\/p>\n","protected":false},"excerpt":{"rendered":"<div class=\"mh-excerpt\">El director general d&#8217;Administraci\u00f3 Local, Antoni Such, ha mantingut una reuni\u00f3 amb l&#8217;alcalde de Riba-roja, Robert Raga, per tractar diferents temes d&#8217;inter\u00e8s del municipi, entre els quals cal destacar la finalitzaci\u00f3 de les obres de <a class=\"mh-excerpt-more\" href=\"https:\/\/www.tucomarca.com\/wordpress\/segunda\/ca\/la-generalitat-collabora-en-la-rehabilitacio-de-la-placa-de-la-torre-de-riba-roja-a-traves-de-fons-europeus-feder\/\" title=\"La Generalitat col\u00b7labora en la rehabilitaci\u00f3 de la pla\u00e7a de la Torre de Riba-roja a trav\u00e9s de fons europeus Feder\">[+] <\/a><\/div>\n","protected":false},"author":1,"featured_media":99605,"comment_status":"open","ping_status":"open","sticky":false,"template":"","format":"standard","meta":{"footnotes":""},"categories":[10892,10948,10894,10947,10906,10896],"tags":[10395,10899],"class_list":{"0":"post-99607","1":"post","2":"type-post","3":"status-publish","4":"format-standard","5":"has-post-thumbnail","7":"category-camp-de-turia-ca","8":"category-infraestructuras-ca","9":"category-la-comarca-ca","10":"category-politica","11":"category-riba-roja-ca","12":"category-seccion-ca","13":"tag-camp-de-turia","14":"tag-camp-de-turia-ca"},"_links":{"self":[{"href":"https:\/\/www.tucomarca.com\/wordpress\/segunda\/ca\/wp-json\/wp\/v2\/posts\/99607","targetHints":{"allow":["GET"]}}],"collection":[{"href":"https:\/\/www.tucomarca.com\/wordpress\/segunda\/ca\/wp-json\/wp\/v2\/posts"}],"about":[{"href":"https:\/\/www.tucomarca.com\/wordpress\/segunda\/ca\/wp-json\/wp\/v2\/types\/post"}],"author":[{"embeddable":true,"href":"https:\/\/www.tucomarca.com\/wordpress\/segunda\/ca\/wp-json\/wp\/v2\/users\/1"}],"replies":[{"embeddable":true,"href":"https:\/\/www.tucomarca.com\/wordpress\/segunda\/ca\/wp-json\/wp\/v2\/comments?post=99607"}],"version-history":[{"count":0,"href":"https:\/\/www.tucomarca.com\/wordpress\/segunda\/ca\/wp-json\/wp\/v2\/posts\/99607\/revisions"}],"wp:featuredmedia":[{"embeddable":true,"href":"https:\/\/www.tucomarca.com\/wordpress\/segunda\/ca\/wp-json\/wp\/v2\/media\/99605"}],"wp:attachment":[{"href":"https:\/\/www.tucomarca.com\/wordpress\/segunda\/ca\/wp-json\/wp\/v2\/media?parent=99607"}],"wp:term":[{"taxonomy":"category","embeddable":true,"href":"https:\/\/www.tucomarca.com\/wordpress\/segunda\/ca\/wp-json\/wp\/v2\/categories?post=99607"},{"taxonomy":"post_tag","embeddable":true,"href":"https:\/\/www.tucomarca.com\/wordpress\/segunda\/ca\/wp-json\/wp\/v2\/tags?post=99607"}],"curies":[{"name":"wp","href":"https:\/\/api.w.org\/{rel}","templated":true}]}}