{"id":99614,"date":"2020-02-13T21:41:14","date_gmt":"2020-02-13T19:41:14","guid":{"rendered":"http:\/\/www.tucomarca.com\/wordpress\/segunda\/?p=99614"},"modified":"2020-02-13T21:41:27","modified_gmt":"2020-02-13T19:41:27","slug":"la-generalitat-amplia-larea-de-transport-metropolita-de-valencia-a-naquera-serra-xest-xiva-bunyol-turis-godelleta-monserrat-i-domenyo","status":"publish","type":"post","link":"https:\/\/www.tucomarca.com\/wordpress\/segunda\/ca\/la-generalitat-amplia-larea-de-transport-metropolita-de-valencia-a-naquera-serra-xest-xiva-bunyol-turis-godelleta-monserrat-i-domenyo\/","title":{"rendered":"La Generalitat amplia l&#8217;\u00c0rea de Transport Metropolit\u00e0 de Val\u00e8ncia a N\u00e0quera, Serra, Xest, Xiva, Bunyol, Tur\u00eds, Godelleta, Monserrat i Domenyo"},"content":{"rendered":"\n<p>La Conselleria de Pol\u00edtica Territorial, Obres P\u00fabliques i Moviliad est\u00e0 ultimant el decret per a l&#8217;ampliaci\u00f3 de l&#8217;\u00c0rea de Transport Metropolitana de Val\u00e8ncia (ATMV) a la qual s&#8217;incorporaran 11 nous municipis als 63 que conformen actualment l&#8217;\u00e0mbit territorial d&#8217;aquesta demarcaci\u00f3. Es tracta dels municipis de Canet d&#8217;En Berenguer, N\u00e1quera, Serra, Xest, Xiva, Bunyol, Tur\u00eds, Godelleta, Monserrat i Sueca, a m\u00e9s de Domenyo per continu\u00eftat geogr\u00e0fica.<\/p>\n\n\n\n<p>D&#8217;aquesta manera, un cop que el conseller de Pol\u00edtica Territorial, Arcadi Espanya, ha signat l&#8217;inici de l&#8217;expedient d&#8217;elaboraci\u00f3 d&#8217;un decret per a l&#8217;ampliaci\u00f3 de l&#8217;\u00e0rea metropolitana, es d\u00f3na pas a la fase d&#8217;informaci\u00f3 p\u00fablica ia la comunicaci\u00f3 als municipis afectats .<\/p>\n\n\n\n<p>Amb aquesta ampliaci\u00f3, les persones usu\u00e0ries de l&#8217;transport p\u00fablic amb origen i destinaci\u00f3 en els municipis de l&#8217;\u00e0rea funcional es beneficiaran de la pol\u00edtica tarif\u00e0ria que s&#8217;aplica la ATMV als seus t\u00edtols de coordinaci\u00f3 o integraci\u00f3.<\/p>\n\n\n\n<p>Totes les poblacions d&#8217;aquesta \u00e0rea de transport compten amb un servei integrat de transport p\u00fablic de viatgers amb independ\u00e8ncia de l&#8217;empresa que el presti (MetroValencia \/ Metrobus \/ EMT). Totes elles operen de forma harm\u00f2nica, a l&#8217;estar prove\u00efdes d&#8217;un sistema compatible de cancel\u00b7laci\u00f3 de bitllets.<\/p>\n\n\n\n<p>La comercialitzaci\u00f3 i titularitat dels t\u00edtols coordinats, correspon a l&#8217;Autoritat de Transport Metropolit\u00e0 de Val\u00e8ncia (ATMV) i el seu preu varia en funci\u00f3 de les zones (A, B, C, D i \/ o combinacions entre elles), les caracter\u00edstiques dels usuaris (joves entre 15\/30 anys d&#8217;edat, fam\u00edlies nombroses, jubilats etc.), la temporalitat, sense l\u00edmit de viatges, o amb el nombre de viatges limitats.<\/p>\n\n\n\n<p>els antecedents<\/p>\n\n\n\n<p>La Generalitat, per cobrir les necessitats de despla\u00e7ament dels ve\u00efns de les poblacions confrontants amb la ciutat Val\u00e8ncia ha vingut conformant des de l&#8217;any 2000 un sistema integrat de transport p\u00fablic de viatgers per assegurar en condicions de qualitat i preu, els despla\u00e7aments que provoquen les relacions habitatge \/ treball \/ oci, entre aquestes poblacions, aix\u00ed com amb la capital de l&#8217;T\u00faria.<\/p>\n\n\n\n<p>Inicialment, l&#8217;\u00e0mbit territorial de l&#8217;\u00c0rea de Transport Metropolitana de Val\u00e8ncia estava delimitat per les poblacions d&#8217;Alaqu\u00e0s, Albal, Albalat dels Sorells, Alboraia, Albuixech, Alc\u00e0sser, Aldaia, Alfafar, Alfara de Patriarca, Alginet, Alm\u00e0ssera, Almussafes, Benaguasil, Benet\u00fasser, Benifai\u00f3, Benissan\u00f3, Beniparrell, B\u00e9tera, Bonrep\u00f2s i Mirambell, Burjassot, Carlet, Catarroja i l&#8217;Eliana<\/p>\n\n\n\n<p>Aix\u00ed mateix, quedava delimitat per Emperador, Foios, Godella, Ll\u00edria, Loriguilla, Llocnou de la Corona, Manises, Massalfassar, Massamagrell, Massanassa, Meliana, Mislata, Moncada, Museros, Paiporta, Paterna, Picanya, Picassent, la Pobla de Vallbona, la Pobla de Farnals, Puig, Pu\u00e7ol, Quart de Poblet, Rafelbunyol, Ribaroja de T\u00faria, Rocafort, Sagunt, Sant Antoni de Benag\u00e9ber, Sedav\u00ed, Silla, Sollana, Tavernes Blanques, Torrent, Val\u00e8ncia, Vilamarxant, Vinalesa i Xirivella.<\/p>\n\n\n\n<p>Posteriorment, transcorreguts 10 anys des de la conformaci\u00f3 de l&#8217;\u00c0rea de Transport Metropolitana de Val\u00e8ncia i, atenent a les necessitats de despla\u00e7ament de les poblacions confrontants, van ser incorporats els municipis de Sagunt, Loriguilla i Sant Antoni de Beneg\u00e9ber.<\/p>\n\n\n\n<p>Ara, un cop passats gaireb\u00e9 19 anys, s&#8217;ha constatat per dades obtingudes mitjan\u00e7ant t\u00e8cniques de Bog Data per a l&#8217;aprovaci\u00f3 de el Pla B\u00e0sic de Mobilitat, que l&#8217;\u00e0rea que funcionalment est\u00e0 actuant com a \u00c0rea Metropolitana de Val\u00e8ncia inclou tamb\u00e9 les poblacions de Canet d&#8217;En Berenguer, N\u00e1quera, Serra, Xest, Xiva, Bunyol, Tur\u00eds, Godelleta, Monserrat, Sueca i Domenyo.<\/p>\n","protected":false},"excerpt":{"rendered":"<div class=\"mh-excerpt\">La Conselleria de Pol\u00edtica Territorial, Obres P\u00fabliques i Moviliad est\u00e0 ultimant el decret per a l&#8217;ampliaci\u00f3 de l&#8217;\u00c0rea de Transport Metropolitana de Val\u00e8ncia (ATMV) a la qual s&#8217;incorporaran 11 nous municipis als 63 que conformen <a class=\"mh-excerpt-more\" href=\"https:\/\/www.tucomarca.com\/wordpress\/segunda\/ca\/la-generalitat-amplia-larea-de-transport-metropolita-de-valencia-a-naquera-serra-xest-xiva-bunyol-turis-godelleta-monserrat-i-domenyo\/\" title=\"La Generalitat amplia l&#8217;\u00c0rea de Transport Metropolit\u00e0 de Val\u00e8ncia a N\u00e0quera, Serra, Xest, Xiva, Bunyol, Tur\u00eds, Godelleta, Monserrat i Domenyo\">[+] <\/a><\/div>\n","protected":false},"author":1,"featured_media":99612,"comment_status":"open","ping_status":"open","sticky":false,"template":"","format":"standard","meta":{"footnotes":""},"categories":[10911,10892,11035,11046,10898,10977,10948,10894,10912,10902,11000,10936,10947,10896,10933,11047,10974,10975],"tags":[10395,5952,3640,10400],"class_list":{"0":"post-99614","1":"post","2":"type-post","3":"status-publish","4":"format-standard","5":"has-post-thumbnail","7":"category-bunol-ca","8":"category-camp-de-turia-ca","9":"category-domeno-ca","10":"category-los-serranos-ca","11":"category-ventana-ca","12":"category-godelleta-ca","13":"category-infraestructuras-ca","14":"category-la-comarca-ca","15":"category-la-hoya-ca","16":"category-la-ribera-ca","17":"category-monserrat-ca","18":"category-naquera-ca","19":"category-politica","20":"category-seccion-ca","21":"category-serra-ca","22":"category-turis-ca","23":"category-cheste-ca","24":"category-chiva-ca","25":"tag-camp-de-turia","26":"tag-la-hoya-de-bunol-chiva","27":"tag-la-ribera-alta","28":"tag-los-serranos"},"_links":{"self":[{"href":"https:\/\/www.tucomarca.com\/wordpress\/segunda\/ca\/wp-json\/wp\/v2\/posts\/99614","targetHints":{"allow":["GET"]}}],"collection":[{"href":"https:\/\/www.tucomarca.com\/wordpress\/segunda\/ca\/wp-json\/wp\/v2\/posts"}],"about":[{"href":"https:\/\/www.tucomarca.com\/wordpress\/segunda\/ca\/wp-json\/wp\/v2\/types\/post"}],"author":[{"embeddable":true,"href":"https:\/\/www.tucomarca.com\/wordpress\/segunda\/ca\/wp-json\/wp\/v2\/users\/1"}],"replies":[{"embeddable":true,"href":"https:\/\/www.tucomarca.com\/wordpress\/segunda\/ca\/wp-json\/wp\/v2\/comments?post=99614"}],"version-history":[{"count":0,"href":"https:\/\/www.tucomarca.com\/wordpress\/segunda\/ca\/wp-json\/wp\/v2\/posts\/99614\/revisions"}],"wp:featuredmedia":[{"embeddable":true,"href":"https:\/\/www.tucomarca.com\/wordpress\/segunda\/ca\/wp-json\/wp\/v2\/media\/99612"}],"wp:attachment":[{"href":"https:\/\/www.tucomarca.com\/wordpress\/segunda\/ca\/wp-json\/wp\/v2\/media?parent=99614"}],"wp:term":[{"taxonomy":"category","embeddable":true,"href":"https:\/\/www.tucomarca.com\/wordpress\/segunda\/ca\/wp-json\/wp\/v2\/categories?post=99614"},{"taxonomy":"post_tag","embeddable":true,"href":"https:\/\/www.tucomarca.com\/wordpress\/segunda\/ca\/wp-json\/wp\/v2\/tags?post=99614"}],"curies":[{"name":"wp","href":"https:\/\/api.w.org\/{rel}","templated":true}]}}