{"id":99836,"date":"2020-02-18T19:55:41","date_gmt":"2020-02-18T17:55:41","guid":{"rendered":"http:\/\/www.tucomarca.com\/wordpress\/segunda\/?p=99836"},"modified":"2020-02-18T19:56:06","modified_gmt":"2020-02-18T17:56:06","slug":"el-consell-i-lajuntament-de-leliana-organitzen-cursos-de-formacio-de-consumidors-per-convertir-se-en-experts-en-lus-de-la-polvora","status":"publish","type":"post","link":"https:\/\/www.tucomarca.com\/wordpress\/segunda\/ca\/el-consell-i-lajuntament-de-leliana-organitzen-cursos-de-formacio-de-consumidors-per-convertir-se-en-experts-en-lus-de-la-polvora\/","title":{"rendered":"El Consell i l&#8217;Ajuntament de L&#8217;Eliana organitzen cursos de formaci\u00f3 de consumidors per convertir-se en experts en l&#8217;\u00fas de la p\u00f3lvora"},"content":{"rendered":"\n<p>El Consell ha aprovat el conveni de col\u00b7laboraci\u00f3 entre la Conselleria de Just\u00edcia, Interior i Administraci\u00f3 P\u00fablica i l&#8217;Ajuntament de l&#8217;Eliana per a l&#8217;organitzaci\u00f3 de cursos de formaci\u00f3 de consumidors reconeguts com a experts (CRE) per a l&#8217;\u00fas d&#8217;articles pirot\u00e8cnics.<\/p>\n\n\n\n<p>La formaci\u00f3 va dirigida i orientada a la conscienciaci\u00f3 ciutadana dels possibles riscos que poden derivar-se d&#8217;una inadequada utilitzaci\u00f3 dels productes pirot\u00e8cnics. Tamb\u00e9, a la prevenci\u00f3, articulaci\u00f3 i divulgaci\u00f3 dels protocols d&#8217;actuaci\u00f3 en cas d&#8217;accident durant la celebraci\u00f3 de les seves festivitats religioses, culturals i tradicionals.<\/p>\n\n\n\n<p>La Conselleria de Just\u00edcia, Interior i Administraci\u00f3 P\u00fablica \u00e9s l&#8217;encarregada de desenvolupar les funcions de control i supervisi\u00f3 sobre el temari, ex\u00e0mens, assist\u00e8ncia d&#8217;alumnes als cursos i qualsevol altra q\u00fcesti\u00f3 que consideri necess\u00e0ria per a la correcta aplicaci\u00f3 de la normativa vigent sobre la mat\u00e8ria . A m\u00e9s, s&#8217;encarregar\u00e0 de l&#8217;expedici\u00f3 de l&#8217;certificat acreditatiu de la formaci\u00f3 rebuda.<\/p>\n\n\n\n<p>Per articular aquests cursos, la Generalitat, mitjan\u00e7ant la Conselleria de Just\u00edcia, Interior i Administraci\u00f3 P\u00fablica, posa a disposici\u00f3 de l&#8217;Ajuntament de L&#8217;Eliana una plataforma inform\u00e0tica accessible.<\/p>\n\n\n\n<p>Per la seua banda, l&#8217;Ajuntament de l&#8217;Eliana ser\u00e0 l&#8217;encarregat d&#8217;organitzar i realitzar els cursos de formaci\u00f3 per a l&#8217;obtenci\u00f3 de la condici\u00f3 de consumidor reconegut com a expert. La formaci\u00f3 s&#8217;ha de fer, com a m\u00ednim, un curs a l&#8217;any, aix\u00ed com la corresponent prova avaluadora.<\/p>\n\n\n\n<p>Aquest conveni, amb vig\u00e8ncia de quatre anys, no comporta compromisos de car\u00e0cter econ\u00f2mic imputables als pressupostos de despeses dela Generalitat.<\/p>\n\n\n\n<p><strong>855 cursos de formaci\u00f3<\/strong><\/p>\n\n\n\n<p>Fins a la data, s&#8217;han subscrit 41 convenis de col\u00b7laboraci\u00f3, s&#8217;han impartit 855 cursos de formaci\u00f3, i un total de 36.284 persones han obtingut la certificaci\u00f3 acreditativa com a consumidors reconeguts experts (CRE).<\/p>\n\n\n\n<p>En aquest sentit, la Generalitat posa a disposici\u00f3 dels ciutadans els instruments, mecanismes i eines necessaris per a complir les exig\u00e8ncies indicades.<\/p>\n\n\n\n<p>A m\u00e9s, col\u00b7labora en fomentar l&#8217;especialitzaci\u00f3 per part dels ciutadans en el maneig d&#8217;elements i articles pirot\u00e8cnics que van a ser usats en les festes associades a l&#8217;\u00fas d&#8217;artificis pirot\u00e8cnics, aix\u00ed com en la conservaci\u00f3 del nostre patrimoni cultural i senyals d&#8217;identitat valencianes.<\/p>\n","protected":false},"excerpt":{"rendered":"<div class=\"mh-excerpt\">El Consell ha aprovat el conveni de col\u00b7laboraci\u00f3 entre la Conselleria de Just\u00edcia, Interior i Administraci\u00f3 P\u00fablica i l&#8217;Ajuntament de l&#8217;Eliana per a l&#8217;organitzaci\u00f3 de cursos de formaci\u00f3 de consumidors reconeguts com a experts (CRE) <a class=\"mh-excerpt-more\" href=\"https:\/\/www.tucomarca.com\/wordpress\/segunda\/ca\/el-consell-i-lajuntament-de-leliana-organitzen-cursos-de-formacio-de-consumidors-per-convertir-se-en-experts-en-lus-de-la-polvora\/\" title=\"El Consell i l&#8217;Ajuntament de L&#8217;Eliana organitzen cursos de formaci\u00f3 de consumidors per convertir-se en experts en l&#8217;\u00fas de la p\u00f3lvora\">[+] <\/a><\/div>\n","protected":false},"author":1,"featured_media":99835,"comment_status":"open","ping_status":"open","sticky":false,"template":"","format":"standard","meta":{"footnotes":""},"categories":[10892,10948,10894,10893,10896],"tags":[10395,10899],"class_list":{"0":"post-99836","1":"post","2":"type-post","3":"status-publish","4":"format-standard","5":"has-post-thumbnail","7":"category-camp-de-turia-ca","8":"category-infraestructuras-ca","9":"category-la-comarca-ca","10":"category-leliana-ca","11":"category-seccion-ca","12":"tag-camp-de-turia","13":"tag-camp-de-turia-ca"},"_links":{"self":[{"href":"https:\/\/www.tucomarca.com\/wordpress\/segunda\/ca\/wp-json\/wp\/v2\/posts\/99836","targetHints":{"allow":["GET"]}}],"collection":[{"href":"https:\/\/www.tucomarca.com\/wordpress\/segunda\/ca\/wp-json\/wp\/v2\/posts"}],"about":[{"href":"https:\/\/www.tucomarca.com\/wordpress\/segunda\/ca\/wp-json\/wp\/v2\/types\/post"}],"author":[{"embeddable":true,"href":"https:\/\/www.tucomarca.com\/wordpress\/segunda\/ca\/wp-json\/wp\/v2\/users\/1"}],"replies":[{"embeddable":true,"href":"https:\/\/www.tucomarca.com\/wordpress\/segunda\/ca\/wp-json\/wp\/v2\/comments?post=99836"}],"version-history":[{"count":0,"href":"https:\/\/www.tucomarca.com\/wordpress\/segunda\/ca\/wp-json\/wp\/v2\/posts\/99836\/revisions"}],"wp:featuredmedia":[{"embeddable":true,"href":"https:\/\/www.tucomarca.com\/wordpress\/segunda\/ca\/wp-json\/wp\/v2\/media\/99835"}],"wp:attachment":[{"href":"https:\/\/www.tucomarca.com\/wordpress\/segunda\/ca\/wp-json\/wp\/v2\/media?parent=99836"}],"wp:term":[{"taxonomy":"category","embeddable":true,"href":"https:\/\/www.tucomarca.com\/wordpress\/segunda\/ca\/wp-json\/wp\/v2\/categories?post=99836"},{"taxonomy":"post_tag","embeddable":true,"href":"https:\/\/www.tucomarca.com\/wordpress\/segunda\/ca\/wp-json\/wp\/v2\/tags?post=99836"}],"curies":[{"name":"wp","href":"https:\/\/api.w.org\/{rel}","templated":true}]}}