{"id":99848,"date":"2020-02-19T12:54:31","date_gmt":"2020-02-19T10:54:31","guid":{"rendered":"http:\/\/www.tucomarca.com\/wordpress\/segunda\/?p=99848"},"modified":"2020-02-19T12:54:43","modified_gmt":"2020-02-19T10:54:43","slug":"moment-faller-cartell-guanyador-de-les-falles-dutiel-2020","status":"publish","type":"post","link":"https:\/\/www.tucomarca.com\/wordpress\/segunda\/ca\/moment-faller-cartell-guanyador-de-les-falles-dutiel-2020\/","title":{"rendered":"&#8220;Moment Faller&#8221;, cartell guanyador de les Falles d&#8217;Utiel 2020"},"content":{"rendered":"\n<p><strong>El seu autor, Sergio A. Ramos, aconseguix per quart any consecutiu este premi<\/strong><\/p>\n\n\n\n<p>Sergio A. Ramos ha estat el guanyador de el Concurs de Cartell Anunciador de Falles 2020 amb l&#8217;obra presentada sota el lema &#8220;Momento Fallero&#8221;<br>Ahir, dilluns 17 de febrer, la Junta Local Fallera va procedir a l&#8217;obertura dels cartells anunciadors de Falles resultant triat per unanimitat el presentat per Sergio A. Ramos.<br>L&#8217;artista, fot\u00f2graf de professi\u00f3, s&#8217;al\u00e7a per quart any consecutiu com a guanyador de l&#8217;concurs de cartell de falles d&#8217;Utiel.<br> &#8220;El cartell cont\u00e9 els principals elements que simbolitzen la festa fallera: Una espardenya en representaci\u00f3 del faller; un tros de tela de vestit de fallera i la peineta com a icones de la dona fallera, tres masclets en qu\u00e8 represente a les tres comissions amb els escuts de les falles majors i infantils. En el fons simbolitze el casc urb\u00e0 d&#8217;Utiel i tamb\u00e9 he volgut unir la tradici\u00f3 vitivin\u00edcola i fallera amb una copa de vi que cont\u00e9 foc &#8220;explicava el guanyador de l&#8217;concurs.<br>Pel que fa a les t\u00e8cniques utilitzades &#8220;es basen en la fotografia, amb bona il\u00b7luminaci\u00f3, posici\u00f3 d&#8217;elements i algun recurs de Photoshop&#8221; apuntava l&#8217;autor.<br>Els cartells presentats a concurs estaran exposats de el 29 de febrer a l&#8217;15 de mar\u00e7 a la Casa de Cultura d&#8217;Utiel.<br>Des de l&#8217;Ajuntament d&#8217;Utiel traslladem la nostra m\u00e9s sincera enhorabona a l&#8217;guanyador i el nostre agra\u00efment a la resta de participants per la seua col\u00b7laboraci\u00f3.<\/p>\n","protected":false},"excerpt":{"rendered":"<div class=\"mh-excerpt\">El seu autor, Sergio A. Ramos, aconseguix per quart any consecutiu este premi Sergio A. Ramos ha estat el guanyador de el Concurs de Cartell Anunciador de Falles 2020 amb l&#8217;obra presentada sota el lema <a class=\"mh-excerpt-more\" href=\"https:\/\/www.tucomarca.com\/wordpress\/segunda\/ca\/moment-faller-cartell-guanyador-de-les-falles-dutiel-2020\/\" title=\"&#8220;Moment Faller&#8221;, cartell guanyador de les Falles d&#8217;Utiel 2020\">[+] <\/a><\/div>\n","protected":false},"author":12,"featured_media":99847,"comment_status":"open","ping_status":"open","sticky":false,"template":"","format":"standard","meta":{"footnotes":""},"categories":[11008,10909,10896,11059],"tags":[10389],"class_list":{"0":"post-99848","1":"post","2":"type-post","3":"status-publish","4":"format-standard","5":"has-post-thumbnail","7":"category-pueblos-en-fiestas-ca","8":"category-requena-utiel-ca","9":"category-seccion-ca","10":"category-utiel-ca","11":"tag-utiel"},"_links":{"self":[{"href":"https:\/\/www.tucomarca.com\/wordpress\/segunda\/ca\/wp-json\/wp\/v2\/posts\/99848","targetHints":{"allow":["GET"]}}],"collection":[{"href":"https:\/\/www.tucomarca.com\/wordpress\/segunda\/ca\/wp-json\/wp\/v2\/posts"}],"about":[{"href":"https:\/\/www.tucomarca.com\/wordpress\/segunda\/ca\/wp-json\/wp\/v2\/types\/post"}],"author":[{"embeddable":true,"href":"https:\/\/www.tucomarca.com\/wordpress\/segunda\/ca\/wp-json\/wp\/v2\/users\/12"}],"replies":[{"embeddable":true,"href":"https:\/\/www.tucomarca.com\/wordpress\/segunda\/ca\/wp-json\/wp\/v2\/comments?post=99848"}],"version-history":[{"count":0,"href":"https:\/\/www.tucomarca.com\/wordpress\/segunda\/ca\/wp-json\/wp\/v2\/posts\/99848\/revisions"}],"wp:featuredmedia":[{"embeddable":true,"href":"https:\/\/www.tucomarca.com\/wordpress\/segunda\/ca\/wp-json\/wp\/v2\/media\/99847"}],"wp:attachment":[{"href":"https:\/\/www.tucomarca.com\/wordpress\/segunda\/ca\/wp-json\/wp\/v2\/media?parent=99848"}],"wp:term":[{"taxonomy":"category","embeddable":true,"href":"https:\/\/www.tucomarca.com\/wordpress\/segunda\/ca\/wp-json\/wp\/v2\/categories?post=99848"},{"taxonomy":"post_tag","embeddable":true,"href":"https:\/\/www.tucomarca.com\/wordpress\/segunda\/ca\/wp-json\/wp\/v2\/tags?post=99848"}],"curies":[{"name":"wp","href":"https:\/\/api.w.org\/{rel}","templated":true}]}}