{"id":99890,"date":"2020-02-19T12:56:49","date_gmt":"2020-02-19T10:56:49","guid":{"rendered":"http:\/\/www.tucomarca.com\/wordpress\/segunda\/?p=99890"},"modified":"2020-02-19T12:56:59","modified_gmt":"2020-02-19T10:56:59","slug":"el-ple-de-la-diputacio-aprova-per-consens-iniciar-el-proces-per-a-convertir-divalterra-en-ens-public","status":"publish","type":"post","link":"https:\/\/www.tucomarca.com\/wordpress\/segunda\/ca\/el-ple-de-la-diputacio-aprova-per-consens-iniciar-el-proces-per-a-convertir-divalterra-en-ens-public\/","title":{"rendered":"El ple de la Diputaci\u00f3 aprova per consens iniciar el proc\u00e9s per a convertir Divalterra en ens p\u00fablic"},"content":{"rendered":"\n<p><strong>Els grups agra\u00efxen la voluntat de di\u00e0leg del president, Toni Gaspar, i donen llum verda en el ple a l&#8217;inici d&#8217;un proc\u00e9s que comptar\u00e0 amb una comissi\u00f3 informativa en la qual estaran tots els partits<\/strong><\/p>\n\n\n\n<p><strong>Els serveis que presten Divalterra i el Patronat de Turisme seran gestionats per un \u00fanic organisme controlat per la corporaci\u00f3. Hi ha un mes de termini per a la mem\u00f2ria que valore les opcions de gesti\u00f3<\/strong><\/p>\n\n\n\n<p>La Diputaci\u00f3 de Val\u00e8ncia ha iniciat este dimarts el proc\u00e9s de conversi\u00f3 de Divalterra i el Patronat de Turisme en un \u00fanic organisme p\u00fablic que continuar\u00e0 prestant els serveis de tots dos ens de forma unificada i sota el control d&#8217;Intervenci\u00f3 de la Diputaci\u00f3. Aix\u00ed ho han decidit en el ple de febrer els sis grups representats en la cambra provincial, que han donat llum verda de forma consensuada a este proc\u00e9s en el qual s&#8217;ha fet part\u00edcips als representants dels treballadors.<\/p>\n\n\n\n<p>El president de la Diputaci\u00f3, Toni Gaspar, ha llegit durant el ple l&#8217;esmena al dictamen de la Comissi\u00f3 d&#8217;Administraci\u00f3 General de 24 de gener del present any, que inclou com a principal novetat la creaci\u00f3 d&#8217;una comissi\u00f3 informativa en la qual estaran representats tots els grups i en la qual podr\u00e0 debatre&#8217;s la mem\u00f2ria que inclour\u00e0 les possibles formes de gesti\u00f3 del nou organisme p\u00fablic, aix\u00ed com la proposta d&#8217;estatuts. Esta esmena arriba despr\u00e9s que el mateix Gaspar posposara 15 dies l&#8217;inici del proc\u00e9s de conversi\u00f3 a petici\u00f3 dels grups de l&#8217;oposici\u00f3, a la recerca del consens aconseguit.<\/p>\n\n\n\n<p>Els representants dels grups pol\u00edtics en l&#8217;oposici\u00f3 han agra\u00eft al president la seua invitaci\u00f3 al di\u00e0leg. El diputat del PP Carlos Gil ha valorat la creaci\u00f3 de la comissi\u00f3 informativa que permeta a tots els grups \u201cdisposar de la informaci\u00f3 dins del termini i en la forma escaient\u201d. Populars i Vox han votat a favor d&#8217;este proc\u00e9s de conversi\u00f3 al costat de l&#8217;equip de govern format pel PSPV i Comprom\u00eds, mentre que Ciutadans i La Vall s&#8217;han abstingut despr\u00e9s de valorar positivament la voluntat d&#8217;implicar a tots en el futur de Divalterra.<\/p>\n\n\n\n<p>El portaveu de la Vall ens Unix, Joan Sanchis, ha proposat que els estatuts del nou ens p\u00fablic recullen l&#8217;esperit de la Diputaci\u00f3 d&#8217;ajudar als pobles m\u00e9s xicotets, extrem que podr\u00e0 abordar-se en la comissi\u00f3 informativa creada per a escoltar a tots els representants p\u00fablics de la Diputaci\u00f3, com ha recordat el president, Toni Gaspar.<\/p>\n\n\n\n<p><strong>Un mes de termini per a la Mem\u00f2ria<\/strong><\/p>\n\n\n\n<p>Amb l&#8217;aprovaci\u00f3 de l&#8217;expedient per a la transformaci\u00f3 d&#8217;estos dos ens dependents de la Diputaci\u00f3 en un diferent, que garantisca una gesti\u00f3 m\u00e9s eficient i sense augmentar cap cost, s&#8217;obri un mes de termini perqu\u00e8 la Secretaria General de la Diputaci\u00f3 i Direcci\u00f3 Ger\u00e8ncia de Divalterra elaboren una mem\u00f2ria justificativa que valore les possibles formes de gesti\u00f3 previstes en l&#8217;article 85.2 a de la Llei Reguladora de Bases de R\u00e8gim Local (LRBRL).<\/p>\n\n\n\n<p>La transformaci\u00f3 de Divalterra i el Patronat de Turisme suposa la total garantia dels drets dels treballadors i treballadores, que va ser el comprom\u00eds adquirit pel president Gaspar com a punt de partida per a este proc\u00e9s, assegurant al seu torn la continu\u00eftat en la prestaci\u00f3 del servei que es ve exercint en els municipis valencians.<\/p>\n\n\n\n<p>L&#8217;objecte social recollir\u00e0 les activitats que fins ara Divalterra executava per enc\u00e0rrec de la Diputaci\u00f3 de Val\u00e8ncia, com la gesti\u00f3 de les brigades forestals, o l&#8217;enquesta d&#8217;infraestructures locals, a m\u00e9s de compet\u00e8ncies en turisme.<\/p>\n\n\n\n<p>El model de gesti\u00f3 triat ha de quedar justificat en la mem\u00f2ria que, a m\u00e9s, ha d&#8217;incloure una proposta d&#8217;Estatuts per al nou organisme, amb les seues funcions i compet\u00e8ncies, els m\u00e0xims \u00f2rgans de direcci\u00f3, el patrimoni i els recursos econ\u00f2mics que se li assignen i el r\u00e8gim de recursos humans i contractaci\u00f3. Tot amb l&#8217;objectiu de refor\u00e7ar els controls sobre l&#8217;activitat de l&#8217;empresa i aclarir el funcionament i la gesti\u00f3 del personal, garantint els drets de les plantilles de Divalterra i de Turisme.<\/p>\n\n\n\n<p><strong>Declaracions institucionals<\/strong><\/p>\n\n\n\n<p>En el ple de febrer s&#8217;ha arribat tamb\u00e9 a altres acords que han derivat en sengles declaracions institucionals sobre la jubilaci\u00f3 anticipada, la millora dels serveis de Rodalia o el suport al sector agr\u00edcola i la manifestaci\u00f3 en la qual el col\u00b7lectiu defensa els seus interessos.<\/p>\n\n\n\n<p>Abans, i com a obertura d&#8217;esta sessi\u00f3 plen\u00e0ria en la corporaci\u00f3 provincial, el president no va faltar al seu comprom\u00eds en la lluita contra la viol\u00e8ncia masclista i en defensa de vides lliures de viol\u00e8ncia. Toni Gaspar va recordar a Rosa Mar\u00eda, Lorena, Clara i Ana, les quatre dones que van perdre la vida durant l&#8217;\u00faltim mes a les mans de les seues parelles o ex parelles.<\/p>\n","protected":false},"excerpt":{"rendered":"<div class=\"mh-excerpt\">Els grups agra\u00efxen la voluntat de di\u00e0leg del president, Toni Gaspar, i donen llum verda en el ple a l&#8217;inici d&#8217;un proc\u00e9s que comptar\u00e0 amb una comissi\u00f3 informativa en la qual estaran tots els partits <a class=\"mh-excerpt-more\" href=\"https:\/\/www.tucomarca.com\/wordpress\/segunda\/ca\/el-ple-de-la-diputacio-aprova-per-consens-iniciar-el-proces-per-a-convertir-divalterra-en-ens-public\/\" title=\"El ple de la Diputaci\u00f3 aprova per consens iniciar el proc\u00e9s per a convertir Divalterra en ens p\u00fablic\">[+] <\/a><\/div>\n","protected":false},"author":12,"featured_media":99889,"comment_status":"open","ping_status":"open","sticky":false,"template":"","format":"standard","meta":{"footnotes":""},"categories":[10898,10948,10894,10904,10947,10896],"tags":[3677],"class_list":{"0":"post-99890","1":"post","2":"type-post","3":"status-publish","4":"format-standard","5":"has-post-thumbnail","7":"category-ventana-ca","8":"category-infraestructuras-ca","9":"category-la-comarca-ca","10":"category-sin-categorizar-ca","11":"category-politica","12":"category-seccion-ca","13":"tag-diputacio-de-valencia"},"_links":{"self":[{"href":"https:\/\/www.tucomarca.com\/wordpress\/segunda\/ca\/wp-json\/wp\/v2\/posts\/99890","targetHints":{"allow":["GET"]}}],"collection":[{"href":"https:\/\/www.tucomarca.com\/wordpress\/segunda\/ca\/wp-json\/wp\/v2\/posts"}],"about":[{"href":"https:\/\/www.tucomarca.com\/wordpress\/segunda\/ca\/wp-json\/wp\/v2\/types\/post"}],"author":[{"embeddable":true,"href":"https:\/\/www.tucomarca.com\/wordpress\/segunda\/ca\/wp-json\/wp\/v2\/users\/12"}],"replies":[{"embeddable":true,"href":"https:\/\/www.tucomarca.com\/wordpress\/segunda\/ca\/wp-json\/wp\/v2\/comments?post=99890"}],"version-history":[{"count":0,"href":"https:\/\/www.tucomarca.com\/wordpress\/segunda\/ca\/wp-json\/wp\/v2\/posts\/99890\/revisions"}],"wp:featuredmedia":[{"embeddable":true,"href":"https:\/\/www.tucomarca.com\/wordpress\/segunda\/ca\/wp-json\/wp\/v2\/media\/99889"}],"wp:attachment":[{"href":"https:\/\/www.tucomarca.com\/wordpress\/segunda\/ca\/wp-json\/wp\/v2\/media?parent=99890"}],"wp:term":[{"taxonomy":"category","embeddable":true,"href":"https:\/\/www.tucomarca.com\/wordpress\/segunda\/ca\/wp-json\/wp\/v2\/categories?post=99890"},{"taxonomy":"post_tag","embeddable":true,"href":"https:\/\/www.tucomarca.com\/wordpress\/segunda\/ca\/wp-json\/wp\/v2\/tags?post=99890"}],"curies":[{"name":"wp","href":"https:\/\/api.w.org\/{rel}","templated":true}]}}