{"id":99937,"date":"2020-02-20T19:48:52","date_gmt":"2020-02-20T17:48:52","guid":{"rendered":"http:\/\/www.tucomarca.com\/wordpress\/segunda\/?p=99937"},"modified":"2020-02-20T19:48:54","modified_gmt":"2020-02-20T17:48:54","slug":"seguixen-les-reunions-del-pla-de-dinamitzacio-i-governanca-turistica-pdgt-de-la-mancomunitat-de-linterior-terra-del-vi","status":"publish","type":"post","link":"https:\/\/www.tucomarca.com\/wordpress\/segunda\/ca\/seguixen-les-reunions-del-pla-de-dinamitzacio-i-governanca-turistica-pdgt-de-la-mancomunitat-de-linterior-terra-del-vi\/","title":{"rendered":"Seguixen les reunions del Pla de Dinamitzaci\u00f3 i Governan\u00e7a Tur\u00edstica (PDGT) de la Mancomunitat de l&#8217;Interior Terra del Vi"},"content":{"rendered":"\n<p><strong>\u201cSi volem aconseguir la sostenibilitat i un futur per a la comarca necessitem treballar com un equip fort, permanent en el temps i cohesionat\u201d<\/strong><\/p>\n\n\n\n<p>Continuant amb les reunions de el Pla de Dinamitzaci\u00f3 i Governan\u00e7a Tur\u00edstica (PDGT) de la Mancomunitat de l&#8217;Interior Terra de el Vi, el passat dijous 13 de febrer va tenir lloc a la seu de l&#8217;entitat una activitat impartida per la coach i auditora especialitzada en management Eva Cuevas, amb l&#8217;objectiu de fer una an\u00e0lisi conductual entre els assistents per a la creaci\u00f3 d&#8217;un equip de governan\u00e7a tur\u00edstica. A aquesta sessi\u00f3 de treball van ser convidades les entitats i empreses que han participat al llarg de l&#8217;any en les sessions i reunions de l&#8217;PDGT.<\/p>\n\n\n\n<p>La finalitat de la sessi\u00f3 va ser la d&#8217;iniciar la creaci\u00f3 d&#8217;una estructura de governan\u00e7a tur\u00edstica per a la marca de destinaci\u00f3 Terra Bobal. Aquesta acci\u00f3 consistir\u00e0 en la creaci\u00f3 d&#8217;un equip cohesionat, capa\u00e7 de romandre en el temps perseguint uns objectius estrat\u00e8gics definits.<\/p>\n\n\n\n<p>La consolidaci\u00f3 de l&#8217;equip passa per recon\u00e8ixer els perfils dels seus integrants. Per aix\u00f2, en la reuni\u00f3 es van treballar diferents trets conductuals i la seua adaptaci\u00f3 a l&#8217;estructura de governan\u00e7a tur\u00edstica que es pret\u00e9n crear, realitzant diferents din\u00e0miques participatives.<\/p>\n\n\n\n<p>Per analitzar els perfils dels assistents, l&#8217;especialista en management presentar l&#8217;eina DISC, una metodologia d&#8217;an\u00e0lisi conductual, molt present en el m\u00f3n empresarial, que deixa a l&#8217;marge aspectes subjectius per centrar-se en el objectiu. \u00c9s a dir, tracta o analitza els comportaments dels participants en una mateixa situaci\u00f3, estudiant les seues reaccions.<\/p>\n\n\n\n<p>La professional tamb\u00e9 va donar una s\u00e8rie de claus perqu\u00e8 el futur equip de governan\u00e7a tur\u00edstica sigui eficient. Aquests consells es van basar en aspectes com la motivaci\u00f3, efici\u00e8ncia, coordinaci\u00f3, comunicaci\u00f3 i confian\u00e7a. Aquest \u00faltim aspecte, segons ha assenyalat Cuevas, \u00e9s la base per treballar el projecte, matisant que la qualitat primordial de l&#8217;equip ha de ser la del comprom\u00eds amb el desenvolupament tur\u00edstic del territori.<\/p>\n","protected":false},"excerpt":{"rendered":"<div class=\"mh-excerpt\">\u201cSi volem aconseguir la sostenibilitat i un futur per a la comarca necessitem treballar com un equip fort, permanent en el temps i cohesionat\u201d Continuant amb les reunions de el Pla de Dinamitzaci\u00f3 i Governan\u00e7a <a class=\"mh-excerpt-more\" href=\"https:\/\/www.tucomarca.com\/wordpress\/segunda\/ca\/seguixen-les-reunions-del-pla-de-dinamitzacio-i-governanca-turistica-pdgt-de-la-mancomunitat-de-linterior-terra-del-vi\/\" title=\"Seguixen les reunions del Pla de Dinamitzaci\u00f3 i Governan\u00e7a Tur\u00edstica (PDGT) de la Mancomunitat de l&#8217;Interior Terra del Vi\">[+] <\/a><\/div>\n","protected":false},"author":12,"featured_media":99935,"comment_status":"open","ping_status":"open","sticky":false,"template":"","format":"standard","meta":{"footnotes":""},"categories":[10948,10894,10947,10909,10896],"tags":[7976],"class_list":{"0":"post-99937","1":"post","2":"type-post","3":"status-publish","4":"format-standard","5":"has-post-thumbnail","7":"category-infraestructuras-ca","8":"category-la-comarca-ca","9":"category-politica","10":"category-requena-utiel-ca","11":"category-seccion-ca","12":"tag-mancomunidad-tierra-del-vino"},"_links":{"self":[{"href":"https:\/\/www.tucomarca.com\/wordpress\/segunda\/ca\/wp-json\/wp\/v2\/posts\/99937","targetHints":{"allow":["GET"]}}],"collection":[{"href":"https:\/\/www.tucomarca.com\/wordpress\/segunda\/ca\/wp-json\/wp\/v2\/posts"}],"about":[{"href":"https:\/\/www.tucomarca.com\/wordpress\/segunda\/ca\/wp-json\/wp\/v2\/types\/post"}],"author":[{"embeddable":true,"href":"https:\/\/www.tucomarca.com\/wordpress\/segunda\/ca\/wp-json\/wp\/v2\/users\/12"}],"replies":[{"embeddable":true,"href":"https:\/\/www.tucomarca.com\/wordpress\/segunda\/ca\/wp-json\/wp\/v2\/comments?post=99937"}],"version-history":[{"count":0,"href":"https:\/\/www.tucomarca.com\/wordpress\/segunda\/ca\/wp-json\/wp\/v2\/posts\/99937\/revisions"}],"wp:featuredmedia":[{"embeddable":true,"href":"https:\/\/www.tucomarca.com\/wordpress\/segunda\/ca\/wp-json\/wp\/v2\/media\/99935"}],"wp:attachment":[{"href":"https:\/\/www.tucomarca.com\/wordpress\/segunda\/ca\/wp-json\/wp\/v2\/media?parent=99937"}],"wp:term":[{"taxonomy":"category","embeddable":true,"href":"https:\/\/www.tucomarca.com\/wordpress\/segunda\/ca\/wp-json\/wp\/v2\/categories?post=99937"},{"taxonomy":"post_tag","embeddable":true,"href":"https:\/\/www.tucomarca.com\/wordpress\/segunda\/ca\/wp-json\/wp\/v2\/tags?post=99937"}],"curies":[{"name":"wp","href":"https:\/\/api.w.org\/{rel}","templated":true}]}}