{"id":99944,"date":"2020-02-20T01:46:01","date_gmt":"2020-02-19T23:46:01","guid":{"rendered":"http:\/\/www.tucomarca.com\/wordpress\/segunda\/?p=99944"},"modified":"2020-02-20T01:46:08","modified_gmt":"2020-02-19T23:46:08","slug":"requena-es-prepara-per-al-seu-carnestoltes-2020","status":"publish","type":"post","link":"https:\/\/www.tucomarca.com\/wordpress\/segunda\/ca\/requena-es-prepara-per-al-seu-carnestoltes-2020\/","title":{"rendered":"Requena es prepara per al seu Carnestoltes 2020"},"content":{"rendered":"\n<p>Ja \u00e9s aqu\u00ed el cap de setmana m\u00e9s divertit de l&#8217;any amb activitats per a tots els p\u00fablics i edats. Us esperem aquest divendres 21 a les 20 hores al Preg\u00f3-Anunciador, on es desvetllar\u00e0 la inc\u00f2gnita de la qual tots parlen. Qui \u00e9s el rei de ceps?<br>Seguirem aquesta mateixa nit amb la Rua anunciadora pels carrers de Requena i ens aixecarem el dissabte al mat\u00ed a les 11 hores per anar a la mascarada. Per arribar a el plat estrella de l&#8217;Carnestoltes, el concurs de corrandes a les 16 hores al Teatre Principal on 6 comparses ens faran riure i vibrar amb les seues enginyoses lletres. A m\u00e9s, aquest any comptarem amb una actuaci\u00f3 sorpresa \u2026<br>Les entrades per a la Carnavalada ja estan a la venda a l&#8217;Oficina de Turisme Requena i al Pub O Callaghan de Requena. Fes-te amb la teva!<br>Una vegada acabat desfilaremos amb els nostres millors disfresses per l&#8217;Avinguda Raval. Per acabar la nit al Recinte Firal amb l&#8217;espectacular ball de carnaval amb l&#8217;orquestra &#8220;La Croada&#8221;. Amb premi a la millor disfressa individual i col\u00b7lectiu.<br>Al mat\u00ed arriba el torn per als m\u00e9s petits de Requena amb la Festa Infantil al pati de l&#8217;mercat. Acabarem amb una desfilada per l&#8217;avinguda on ells s\u00f3n els protagonistes i el tradicional Judes penjat.<br>La traca final ser\u00e0 el diumenge a la tarda amb el condol a l&#8217;Rei de Ceps, la crema de la sardina i el lliurament de premis 2020.<\/p>\n\n\n\n<p>\u00a1Disfressa&#8217;t amb moderaci\u00f3 \u00e9s la teva responsabilitat!<\/p>\n\n\n\n<p><strong>ACTES CARNAVAL<\/strong><\/p>\n\n\n\n<p>DIVENDRES 21<\/p>\n\n\n\n<p>20.00 h. Proclamaci\u00f3 de l&#8217;Rei de Soques i Preg\u00f3 Anunciador dels Carnestoltes 2020. Pati de l&#8217;Mercat.<\/p>\n\n\n\n<p>23.00 h. Rua anunciadora dels Carnestoltes 2020. Recorregut pels diferents carrers de la ciutat, amb visita als vest\u00edbuls de la 73 Festa de la Verema. Finalitzant al Pub Love.<\/p>\n\n\n\n<p>DISSABTE 22<\/p>\n\n\n\n<p>11.30h. Mascarada. Escenes carnavaleres al Pati el Mercat.<\/p>\n\n\n\n<p>15.30h. Obertura de portes de Teatre.<\/p>\n\n\n\n<p>16:00. Carnavalada. Concurs de corrandes al Teatre Principal.<\/p>\n\n\n\n<p>A continuaci\u00f3, concentraci\u00f3 de la Gran Rua de Carnaval.<\/p>\n\n\n\n<p>00:00. Gran Ball de Carnaval 2020 al Recinte Firal. Amb l&#8217;orquestra &#8220;La Croada&#8221; i la millor m\u00fasica comercial.<\/p>\n\n\n\n<p>DIUMENGE 23<\/p>\n\n\n\n<p>11:00. Festa Infantil amb parc inflable. Pati de l&#8217;Mercat.<\/p>\n\n\n\n<p>13.00h. Desfilada infantil. A l&#8217;acabar el recorregut tindr\u00e0 lloc el tradicional Judes penjat.<\/p>\n\n\n\n<p>17.30h. Condol a el Rei de Soques. Pati de l&#8217;Mercat.<\/p>\n\n\n\n<p>A continuaci\u00f3, process\u00f3 de l&#8217;Enterrament de la Sardina (Carrers de la Vila i final a Pla\u00e7a d&#8217;Albornoz)<\/p>\n\n\n\n<p>Tot seguit, crema de la sardina i bateig de la nova sardina. A l&#8217;acabar, es far\u00e0 el lliurament dels premis dels Carnestoltes 2020.<\/p>\n","protected":false},"excerpt":{"rendered":"<div class=\"mh-excerpt\">Ja \u00e9s aqu\u00ed el cap de setmana m\u00e9s divertit de l&#8217;any amb activitats per a tots els p\u00fablics i edats. Us esperem aquest divendres 21 a les 20 hores al Preg\u00f3-Anunciador, on es desvetllar\u00e0 la <a class=\"mh-excerpt-more\" href=\"https:\/\/www.tucomarca.com\/wordpress\/segunda\/ca\/requena-es-prepara-per-al-seu-carnestoltes-2020\/\" title=\"Requena es prepara per al seu Carnestoltes 2020\">[+] <\/a><\/div>\n","protected":false},"author":12,"featured_media":99942,"comment_status":"open","ping_status":"open","sticky":false,"template":"","format":"standard","meta":{"footnotes":""},"categories":[11019,10908,10909,10896],"tags":[10388],"class_list":{"0":"post-99944","1":"post","2":"type-post","3":"status-publish","4":"format-standard","5":"has-post-thumbnail","7":"category-agenda-ca","8":"category-requena-ca","9":"category-requena-utiel-ca","10":"category-seccion-ca","11":"tag-requena"},"_links":{"self":[{"href":"https:\/\/www.tucomarca.com\/wordpress\/segunda\/ca\/wp-json\/wp\/v2\/posts\/99944","targetHints":{"allow":["GET"]}}],"collection":[{"href":"https:\/\/www.tucomarca.com\/wordpress\/segunda\/ca\/wp-json\/wp\/v2\/posts"}],"about":[{"href":"https:\/\/www.tucomarca.com\/wordpress\/segunda\/ca\/wp-json\/wp\/v2\/types\/post"}],"author":[{"embeddable":true,"href":"https:\/\/www.tucomarca.com\/wordpress\/segunda\/ca\/wp-json\/wp\/v2\/users\/12"}],"replies":[{"embeddable":true,"href":"https:\/\/www.tucomarca.com\/wordpress\/segunda\/ca\/wp-json\/wp\/v2\/comments?post=99944"}],"version-history":[{"count":0,"href":"https:\/\/www.tucomarca.com\/wordpress\/segunda\/ca\/wp-json\/wp\/v2\/posts\/99944\/revisions"}],"wp:featuredmedia":[{"embeddable":true,"href":"https:\/\/www.tucomarca.com\/wordpress\/segunda\/ca\/wp-json\/wp\/v2\/media\/99942"}],"wp:attachment":[{"href":"https:\/\/www.tucomarca.com\/wordpress\/segunda\/ca\/wp-json\/wp\/v2\/media?parent=99944"}],"wp:term":[{"taxonomy":"category","embeddable":true,"href":"https:\/\/www.tucomarca.com\/wordpress\/segunda\/ca\/wp-json\/wp\/v2\/categories?post=99944"},{"taxonomy":"post_tag","embeddable":true,"href":"https:\/\/www.tucomarca.com\/wordpress\/segunda\/ca\/wp-json\/wp\/v2\/tags?post=99944"}],"curies":[{"name":"wp","href":"https:\/\/api.w.org\/{rel}","templated":true}]}}