{"id":99957,"date":"2020-02-19T19:37:20","date_gmt":"2020-02-19T17:37:20","guid":{"rendered":"http:\/\/www.tucomarca.com\/wordpress\/segunda\/?p=99957"},"modified":"2020-02-19T19:37:22","modified_gmt":"2020-02-19T17:37:22","slug":"la-mancomunitat-de-linterior-terra-del-vi-presenta-el-seu-nou-visor-en-linstitut-cartografic-valencia","status":"publish","type":"post","link":"https:\/\/www.tucomarca.com\/wordpress\/segunda\/ca\/la-mancomunitat-de-linterior-terra-del-vi-presenta-el-seu-nou-visor-en-linstitut-cartografic-valencia\/","title":{"rendered":"La Mancomunitat de l&#8217;Interior Terra del Vi presenta el seu nou visor en l&#8217;Institut Cartogr\u00e0fic Valenci\u00e0"},"content":{"rendered":"\n<p><strong>L&#8217;aplicaci\u00f3, desenrotllada per t\u00e8cnics de la Mancomunitat, rep el vistiplau de l&#8217;ICV i pr\u00f2ximament tornar\u00e0 a estar disponible per a l&#8217;administraci\u00f3 i ciutadania<\/strong><\/p>\n\n\n\n<p>El president de la Mancomunitat de l&#8217;Interior, Gabriel Mata, acompanyat per t\u00e8cnics de l&#8217;entitat, ha visitat aquest mat\u00ed la seu de l&#8217;Institut Cartogr\u00e0fic Valenci\u00e0 per presentar el nou visor de l&#8217;ens supramunicipal davant el director de l&#8217;organisme aut\u00f2nom, Xavier Navarro.<\/p>\n\n\n\n<p>L&#8217;aplicaci\u00f3, que durant les \u00faltimes setmanes ha experimentat diverses millores en el seu desenvolupament per adaptar-la als usuaris de la comarca, compta amb l&#8217;aprovaci\u00f3 de l&#8217;ICV i pr\u00f2ximament tornar\u00e0 a estar disponible tant a nivell t\u00e8cnic-administratiu com a nivell ciutad\u00e0.<\/p>\n\n\n\n<p>El Visor Cartogr\u00e0fic de la Mancomunitat de l&#8217;Interior permet consultar i descarregar diferents tipus d&#8217;informaci\u00f3 relacionada amb cadastre, planejament, infraestructures i serveis, recursos tur\u00edstics, espais naturals, medi ambient o ortofotos que permeten consultar l&#8217;evoluci\u00f3 del territori al llarg dels \u00faltims anys, entre altres caracter\u00edstiques.<\/p>\n\n\n\n<p>La ferramenta compta amb una tecnologia de capes que inclou informaci\u00f3 georeferenciada tant a nivell comarcal com municipal. Es tracta d&#8217;una aplicaci\u00f3 din\u00e0mica, intu\u00eftiva i visual el f\u00e0cil maneig la fa accessible a qualsevol tipus d&#8217;usuari. A m\u00e9s, la programaci\u00f3 de l&#8217;visor permet la implementaci\u00f3 futura de noves capes d&#8217;informaci\u00f3 que serviran per enriquir les seues prestacions a diferents nivells.<\/p>\n","protected":false},"excerpt":{"rendered":"<div class=\"mh-excerpt\">L&#8217;aplicaci\u00f3, desenrotllada per t\u00e8cnics de la Mancomunitat, rep el vistiplau de l&#8217;ICV i pr\u00f2ximament tornar\u00e0 a estar disponible per a l&#8217;administraci\u00f3 i ciutadania El president de la Mancomunitat de l&#8217;Interior, Gabriel Mata, acompanyat per t\u00e8cnics <a class=\"mh-excerpt-more\" href=\"https:\/\/www.tucomarca.com\/wordpress\/segunda\/ca\/la-mancomunitat-de-linterior-terra-del-vi-presenta-el-seu-nou-visor-en-linstitut-cartografic-valencia\/\" title=\"La Mancomunitat de l&#8217;Interior Terra del Vi presenta el seu nou visor en l&#8217;Institut Cartogr\u00e0fic Valenci\u00e0\">[+] <\/a><\/div>\n","protected":false},"author":12,"featured_media":99954,"comment_status":"open","ping_status":"open","sticky":false,"template":"","format":"standard","meta":{"footnotes":""},"categories":[10948,10894,10909,10896],"tags":[7976],"class_list":{"0":"post-99957","1":"post","2":"type-post","3":"status-publish","4":"format-standard","5":"has-post-thumbnail","7":"category-infraestructuras-ca","8":"category-la-comarca-ca","9":"category-requena-utiel-ca","10":"category-seccion-ca","11":"tag-mancomunidad-tierra-del-vino"},"_links":{"self":[{"href":"https:\/\/www.tucomarca.com\/wordpress\/segunda\/ca\/wp-json\/wp\/v2\/posts\/99957","targetHints":{"allow":["GET"]}}],"collection":[{"href":"https:\/\/www.tucomarca.com\/wordpress\/segunda\/ca\/wp-json\/wp\/v2\/posts"}],"about":[{"href":"https:\/\/www.tucomarca.com\/wordpress\/segunda\/ca\/wp-json\/wp\/v2\/types\/post"}],"author":[{"embeddable":true,"href":"https:\/\/www.tucomarca.com\/wordpress\/segunda\/ca\/wp-json\/wp\/v2\/users\/12"}],"replies":[{"embeddable":true,"href":"https:\/\/www.tucomarca.com\/wordpress\/segunda\/ca\/wp-json\/wp\/v2\/comments?post=99957"}],"version-history":[{"count":0,"href":"https:\/\/www.tucomarca.com\/wordpress\/segunda\/ca\/wp-json\/wp\/v2\/posts\/99957\/revisions"}],"wp:featuredmedia":[{"embeddable":true,"href":"https:\/\/www.tucomarca.com\/wordpress\/segunda\/ca\/wp-json\/wp\/v2\/media\/99954"}],"wp:attachment":[{"href":"https:\/\/www.tucomarca.com\/wordpress\/segunda\/ca\/wp-json\/wp\/v2\/media?parent=99957"}],"wp:term":[{"taxonomy":"category","embeddable":true,"href":"https:\/\/www.tucomarca.com\/wordpress\/segunda\/ca\/wp-json\/wp\/v2\/categories?post=99957"},{"taxonomy":"post_tag","embeddable":true,"href":"https:\/\/www.tucomarca.com\/wordpress\/segunda\/ca\/wp-json\/wp\/v2\/tags?post=99957"}],"curies":[{"name":"wp","href":"https:\/\/api.w.org\/{rel}","templated":true}]}}