{"id":99971,"date":"2020-02-20T19:47:00","date_gmt":"2020-02-20T17:47:00","guid":{"rendered":"http:\/\/www.tucomarca.com\/wordpress\/segunda\/?p=99971"},"modified":"2020-02-20T19:47:03","modified_gmt":"2020-02-20T17:47:03","slug":"cheste-riba-roja-i-loriguilla-reclamen-a-les-administracions-una-millora-en-les-infraestructures-i-connexions-amb-la3","status":"publish","type":"post","link":"https:\/\/www.tucomarca.com\/wordpress\/segunda\/ca\/cheste-riba-roja-i-loriguilla-reclamen-a-les-administracions-una-millora-en-les-infraestructures-i-connexions-amb-la3\/","title":{"rendered":"Cheste, Riba-roja i Loriguilla reclamen a les administracions una millora en les infraestructures i connexions amb l&#8217;A3"},"content":{"rendered":"\n<p>Els alcaldes de Xest, Riba-roja i Loriguilla es van reunir dimarts passat, 18 de febrer, juntament amb els t\u00e8cnics municipals de les tres localitats per elaborar un document t\u00e8cnic que reculli les seues principals reivindicacions en mat\u00e8ria d&#8217;infraestructures i connexions amb l&#8217;A3.<\/p>\n\n\n\n<p>&#8220;La Universitat Polit\u00e8cnica de Val\u00e8ncia va elaborar un pla per facilitar la implantaci\u00f3 d&#8217;empreses a Xest, Riba-roja i Loriguilla i per desenvolupar-lo el primer pas ha estat consensuar les demandes que defensarem davant la Diputaci\u00f3, la Generalitat i el Ministeri de Foment&#8221; , apuntava l&#8217;alcalde de Xest, Jos\u00e9 Morell. &#8220;Tamb\u00e9 hem acordat explorar projectes susceptibles de ser finan\u00e7ats amb fons europeus en mat\u00e8ria de prevenci\u00f3 d&#8217;incendis, depuraci\u00f3 d&#8217;aig\u00fces, Smart cities i estalvi energ\u00e8tic&#8221;.<\/p>\n\n\n\n<p><strong>Demandes<\/strong><\/p>\n\n\n\n<p>La saturaci\u00f3 dels accessos a la A3 \u00e9s un dels principals esculls a qu\u00e8 s&#8217;enfronten els tres municipis, que sumen 8,3 milions de m2 de s\u00f2l industrial i altres tres milions per desenvolupar. Per aix\u00f2, han acordat treballar conjuntament en una proposta que permeti augmentar els fluxos d&#8217;acc\u00e9s a pol\u00edgon per diferents vies i evitar aix\u00ed els grans embussos de sortida a la A3 en hores punta.<\/p>\n\n\n\n<p>Actualment, una de les infraestructures m\u00e9s importants per reduir aquest elevat tr\u00e0nsit \u00e9s el Pont de Bal\u00f3, el projecte es troba actualment en el Ministeri de Foment, pendent de validaci\u00f3 per procedir a la licitaci\u00f3 de les obres.<\/p>\n\n\n\n<p>A m\u00e9s, els alcaldes reclamaran a la Diputaci\u00f3 de Val\u00e8ncia els projectes d&#8217;ampliaci\u00f3 de el pont de Loriguilla, l&#8217;execuci\u00f3 d&#8217;una rotonda a l&#8217;altura de les vies de tren per descongestionar de tr\u00e0nsit a la rotonda principal i permetre la lliure circulaci\u00f3 dels ve\u00efns i ve\u00efnes de La Reva i Loriguilla; i el desdoblament i connexi\u00f3 de la CV-383 amb el Circuit de Xest i l&#8217;\u00e0rea industrial confrontant. Aquests projectes es plasmaran en un document t\u00e8cnic que elevaran a les diferents administracions.<\/p>\n\n\n\n<p>A la reuni\u00f3 tamb\u00e9 es va acordar unificar criteris i treballar en una fiscalitat comuna, aix\u00ed com en la normativa urban\u00edstica i el procediment administratiu per a les autoritzacions i permisos a les empreses de l&#8217;\u00e0rea industrial que engloba les tres poblacions.<\/p>\n\n\n\n<p>Paral\u00b7lelament, l&#8217;Associaci\u00f3 de Municipis de l&#8217;Eix A3 treballar\u00e0 en l&#8217;estudi de projectes innovadors en el sector industrial que puguin ser finan\u00e7ats per fons europeus. Aquests projectes fan refer\u00e8ncia a l&#8217;\u00fas de les aig\u00fces depurades per a prevenci\u00f3 contra incendis de l&#8217;\u00e0rea empresarial o a aplicacions m\u00f2bils que permetin als transportistes localitzar zones p\u00fabliques de serveis i aparcament.<\/p>\n\n\n\n<p>Els alcaldes van destacar la necessitat d&#8217;anar de la m\u00e0 a les administracions competents a fi d&#8217;agilitar aquestes infraestructures vi\u00e0ries necess\u00e0ries &#8220;que di\u00e0riament fan perdre competitivitat&#8221; a les empreses instal\u00b7lades en els seus termes municipals, especialment les de el sector log\u00edstic.<\/p>\n","protected":false},"excerpt":{"rendered":"<div class=\"mh-excerpt\">Els alcaldes de Xest, Riba-roja i Loriguilla es van reunir dimarts passat, 18 de febrer, juntament amb els t\u00e8cnics municipals de les tres localitats per elaborar un document t\u00e8cnic que reculli les seues principals reivindicacions <a class=\"mh-excerpt-more\" href=\"https:\/\/www.tucomarca.com\/wordpress\/segunda\/ca\/cheste-riba-roja-i-loriguilla-reclamen-a-les-administracions-una-millora-en-les-infraestructures-i-connexions-amb-la3\/\" title=\"Cheste, Riba-roja i Loriguilla reclamen a les administracions una millora en les infraestructures i connexions amb l&#8217;A3\">[+] <\/a><\/div>\n","protected":false},"author":12,"featured_media":99970,"comment_status":"open","ping_status":"open","sticky":false,"template":"","format":"standard","meta":{"footnotes":""},"categories":[10892,10898,10948,10894,10912,10931,10947,10906,10896,10974],"tags":[11071,10434,1504],"class_list":{"0":"post-99971","1":"post","2":"type-post","3":"status-publish","4":"format-standard","5":"has-post-thumbnail","7":"category-camp-de-turia-ca","8":"category-ventana-ca","9":"category-infraestructuras-ca","10":"category-la-comarca-ca","11":"category-la-hoya-ca","12":"category-loriguilla-ca","13":"category-politica","14":"category-riba-roja-ca","15":"category-seccion-ca","16":"category-cheste-ca","17":"tag-cheste","18":"tag-loriguilla","19":"tag-riba-roja-2"},"_links":{"self":[{"href":"https:\/\/www.tucomarca.com\/wordpress\/segunda\/ca\/wp-json\/wp\/v2\/posts\/99971","targetHints":{"allow":["GET"]}}],"collection":[{"href":"https:\/\/www.tucomarca.com\/wordpress\/segunda\/ca\/wp-json\/wp\/v2\/posts"}],"about":[{"href":"https:\/\/www.tucomarca.com\/wordpress\/segunda\/ca\/wp-json\/wp\/v2\/types\/post"}],"author":[{"embeddable":true,"href":"https:\/\/www.tucomarca.com\/wordpress\/segunda\/ca\/wp-json\/wp\/v2\/users\/12"}],"replies":[{"embeddable":true,"href":"https:\/\/www.tucomarca.com\/wordpress\/segunda\/ca\/wp-json\/wp\/v2\/comments?post=99971"}],"version-history":[{"count":0,"href":"https:\/\/www.tucomarca.com\/wordpress\/segunda\/ca\/wp-json\/wp\/v2\/posts\/99971\/revisions"}],"wp:featuredmedia":[{"embeddable":true,"href":"https:\/\/www.tucomarca.com\/wordpress\/segunda\/ca\/wp-json\/wp\/v2\/media\/99970"}],"wp:attachment":[{"href":"https:\/\/www.tucomarca.com\/wordpress\/segunda\/ca\/wp-json\/wp\/v2\/media?parent=99971"}],"wp:term":[{"taxonomy":"category","embeddable":true,"href":"https:\/\/www.tucomarca.com\/wordpress\/segunda\/ca\/wp-json\/wp\/v2\/categories?post=99971"},{"taxonomy":"post_tag","embeddable":true,"href":"https:\/\/www.tucomarca.com\/wordpress\/segunda\/ca\/wp-json\/wp\/v2\/tags?post=99971"}],"curies":[{"name":"wp","href":"https:\/\/api.w.org\/{rel}","templated":true}]}}