{"id":10002,"date":"2012-12-15T11:36:20","date_gmt":"2012-12-15T10:36:20","guid":{"rendered":"http:\/\/www.tucomarca.com\/wordpress\/segunda\/?p=10002"},"modified":"2012-12-15T11:36:20","modified_gmt":"2012-12-15T10:36:20","slug":"la-consellera-de-cultura-inaugura-el-simposio-internacional-sobre-musica-y-empleabilidad-en-yatova","status":"publish","type":"post","link":"https:\/\/www.tucomarca.com\/wordpress\/segunda\/la-consellera-de-cultura-inaugura-el-simposio-internacional-sobre-musica-y-empleabilidad-en-yatova\/","title":{"rendered":"La consellera de Cultura inaugura el simposio internacional sobre m\u00fasica y empleabilidad en Y\u00e1tova"},"content":{"rendered":"<p style=\"text-align: left;\">&nbsp;<\/p>\n<figure id=\"attachment_10004\" aria-describedby=\"caption-attachment-10004\" style=\"width: 614px\" class=\"wp-caption aligncenter\"><a href=\"https:\/\/www.tucomarca.com\/wordpress\/segunda\/wp-content\/uploads\/2012\/12\/Simposioweb.jpg\"><img loading=\"lazy\" decoding=\"async\" class=\"size-large wp-image-10004 \" title=\"Simposioweb\" src=\"https:\/\/www.tucomarca.com\/wordpress\/segunda\/wp-content\/uploads\/2012\/12\/Simposioweb-1024x682.jpg\" alt=\"El presidente de la mancomunidad de La Hoya, la consellera de Cultura y el director del simposio.\" width=\"614\" height=\"409\" srcset=\"https:\/\/www.tucomarca.com\/wordpress\/segunda\/wp-content\/uploads\/2012\/12\/Simposioweb-1024x682.jpg 1024w, https:\/\/www.tucomarca.com\/wordpress\/segunda\/wp-content\/uploads\/2012\/12\/Simposioweb-300x200.jpg 300w\" sizes=\"auto, (max-width: 614px) 100vw, 614px\" \/><\/a><figcaption id=\"caption-attachment-10004\" class=\"wp-caption-text\">El presidente de la mancomunidad de La Hoya, la consellera de Cultura y el director del simposio.<\/figcaption><\/figure>\n<p>La consellera de Educaci\u00f3n, Cultura y Deporte, Mar\u00eda Jos\u00e9 Catal\u00e0, acompa\u00f1ada del presidente de la mancomunidad de La Hoya, Rafael Lisarde, y del director del simposio, Marcial D\u00edaz, ha inaugurado esta ma\u00f1ana el Simposio M\u00fasica y Empleabilidad, organizado por la direcci\u00f3n general de Formaci\u00f3n Profesional y Ense\u00f1anzas de R\u00e9gimen Especial y la Mancomunidad de La Hoya de Bu\u00f1ol-Chiva con el fin de abordar las nuevas perspectivas y oportunidades laborales del tejido asociativo musical valenciano.<\/p>\n<p>Durante su intervenci\u00f3n, Catal\u00e0 ha asegurado que la Comunitat Valenciana es \u00absede nacional de la m\u00fasica, el arte y la cultura, una tierra que siempre ha apostado por la m\u00fasica y por sus m\u00fasicos\u00bb.<\/p>\n<p>\u00abLa calidad de los m\u00fasicos valencianos es reconocida en todo el mundo, que est\u00e1n trabajando en bandas internacionales\u00bb. De hecho, la Consellera ha afirmado que \u00absomos la comunidad aut\u00f3noma con m\u00e1s titulados en formaci\u00f3n musical y la regi\u00f3n europea con m\u00e1s centros de ense\u00f1anza musical\u00bb.<\/p>\n<p><strong>Oportunidades laborales para los m\u00fasicos de la Comunitat <\/strong><\/p>\n<p>En este sentido, Catal\u00e0 ha explicado que la principal preocupaci\u00f3n de la Generalitat es la creaci\u00f3n de empleo. \u00abEl motivo que nos re\u00fane hoy aqu\u00ed no es otro que potenciar las relaciones entre las distintas actividades musicales, interpretativa, docente, investigadora y empresarial, con el mundo de la empleabilidad\u00bb.<br \/>\nEl objetivo a largo plazo, seg\u00fan la titular de Educaci\u00f3n, es reflexionar sobre cu\u00e1l es el papel que las artes tienen que jugar en el futuro y la necesidad de abrir nuevos caminos que doten a los individuos de competencias para que puedan estrechar v\u00ednculos entre su formaci\u00f3n y la empleabilidad.<\/p>\n<p><strong>M\u00e1s de 25 expertos presentan ponencias en el Simposio <\/strong><\/p>\n<p>En el encuentro han participado m\u00e1s de 25 expertos musicales, representantes de la Universidad de Valencia, profesores de conservatorios, sociedades musicales, escuelas de m\u00fasica y empresarios.<\/p>\n<p>El objetivo del encuentro ha sido trazar las l\u00edneas estrat\u00e9gicas que debe seguir el modelo musical valenciano en el futuro para mejorar la empleabilidad de los m\u00fasicos de la Comunitat.<\/p>\n<p>C\u00f3mo potenciar el esp\u00edritu emprendedor entre los m\u00fasicos valencianos ha sido una de las tem\u00e1ticas m\u00e1s importantes abordadas durante el simposium, as\u00ed como la oportunidad de encontrar empleo en el marco europeo.<\/p>\n<p>Otra de los asuntos clave ha sido las posibilidades que la formaci\u00f3n profesional pueda brindar a los m\u00fasicos en el futuro o como mejorar el sistema educativo valenciano para impulsar la empleabilidad.<\/p>\n<p>M\u00e1s informacion e im\u00e1genes, en la edici\u00f3n impresa de esta semana de <strong>tucomarca.com<\/strong>.<\/p>\n","protected":false},"excerpt":{"rendered":"<div class=\"mh-excerpt\">&nbsp; La consellera de Educaci\u00f3n, Cultura y Deporte, Mar\u00eda Jos\u00e9 Catal\u00e0, acompa\u00f1ada del presidente de la mancomunidad de La Hoya, Rafael Lisarde, y del director del simposio, Marcial D\u00edaz, ha inaugurado esta ma\u00f1ana el Simposio <a class=\"mh-excerpt-more\" href=\"https:\/\/www.tucomarca.com\/wordpress\/segunda\/la-consellera-de-cultura-inaugura-el-simposio-internacional-sobre-musica-y-empleabilidad-en-yatova\/\" title=\"La consellera de Cultura inaugura el simposio internacional sobre m\u00fasica y empleabilidad en Y\u00e1tova\">[+] <\/a><\/div>\n","protected":false},"author":1,"featured_media":10004,"comment_status":"open","ping_status":"open","sticky":false,"template":"","format":"standard","meta":{"footnotes":""},"categories":[18,66,10,7,3,45,11],"tags":[],"class_list":{"0":"post-10002","1":"post","2":"type-post","3":"status-publish","4":"format-standard","5":"has-post-thumbnail","7":"category-bunol","8":"category-musica","9":"category-la-hoya","10":"category-ocio-y-cultura","11":"category-seccion","12":"category-ventana","13":"category-yatova"},"_links":{"self":[{"href":"https:\/\/www.tucomarca.com\/wordpress\/segunda\/wp-json\/wp\/v2\/posts\/10002","targetHints":{"allow":["GET"]}}],"collection":[{"href":"https:\/\/www.tucomarca.com\/wordpress\/segunda\/wp-json\/wp\/v2\/posts"}],"about":[{"href":"https:\/\/www.tucomarca.com\/wordpress\/segunda\/wp-json\/wp\/v2\/types\/post"}],"author":[{"embeddable":true,"href":"https:\/\/www.tucomarca.com\/wordpress\/segunda\/wp-json\/wp\/v2\/users\/1"}],"replies":[{"embeddable":true,"href":"https:\/\/www.tucomarca.com\/wordpress\/segunda\/wp-json\/wp\/v2\/comments?post=10002"}],"version-history":[{"count":0,"href":"https:\/\/www.tucomarca.com\/wordpress\/segunda\/wp-json\/wp\/v2\/posts\/10002\/revisions"}],"wp:featuredmedia":[{"embeddable":true,"href":"https:\/\/www.tucomarca.com\/wordpress\/segunda\/wp-json\/wp\/v2\/media\/10004"}],"wp:attachment":[{"href":"https:\/\/www.tucomarca.com\/wordpress\/segunda\/wp-json\/wp\/v2\/media?parent=10002"}],"wp:term":[{"taxonomy":"category","embeddable":true,"href":"https:\/\/www.tucomarca.com\/wordpress\/segunda\/wp-json\/wp\/v2\/categories?post=10002"},{"taxonomy":"post_tag","embeddable":true,"href":"https:\/\/www.tucomarca.com\/wordpress\/segunda\/wp-json\/wp\/v2\/tags?post=10002"}],"curies":[{"name":"wp","href":"https:\/\/api.w.org\/{rel}","templated":true}]}}