{"id":10007,"date":"2012-12-15T11:25:59","date_gmt":"2012-12-15T10:25:59","guid":{"rendered":"http:\/\/www.tucomarca.com\/wordpress\/segunda\/?p=10007"},"modified":"2012-12-15T11:25:59","modified_gmt":"2012-12-15T10:25:59","slug":"finaliza-en-la-pobla-el-taller-sobre-especializacion-y-reciclaje-profesional","status":"publish","type":"post","link":"https:\/\/www.tucomarca.com\/wordpress\/segunda\/finaliza-en-la-pobla-el-taller-sobre-especializacion-y-reciclaje-profesional\/","title":{"rendered":"Finaliza en La Pobla el taller sobre especializaci\u00f3n y reciclaje profesional"},"content":{"rendered":"<p>Este viernes ha tenido lugar el acto de clausura y la entrega de diplomas del VII Taller de Ocupaci\u00f3n OPAL. La alcaldesa de la Pobla de Vallbona, Mari Carmen Contelles, y el concejal de Nuevas Tecnolog\u00edas, Jos\u00e9 Mar\u00eda Romero han presidido el acto y entregado los diplomas a los 30 alumnos que durante un a\u00f1o han recibido formaci\u00f3n especializada para reintegrarse en el mundo laboral. El taller se ha realizado con una subvenci\u00f3n del SERVEF de 569.455 euros, y con una aportaci\u00f3n municipal de 42.000 euros.<\/p>\n<p>A lo largo de este a\u00f1o estos 30 alumnos se han repartido en cuatro especialidades formativas: Dise\u00f1adores multimedia, Dise\u00f1o y mantenimiento de p\u00e1ginas web, Gestor Tic para Pymes y Mantenedor de sistemas inform\u00e1ticos. El objeto de sus actuaciones ha girado en torno a la creaci\u00f3n y el mantenimiento de p\u00e1ginas web y contenidos de inter\u00e9s general del Ayuntamiento de la Pobla de Vallbona o del SERVEF, adem\u00e1s de la instalaci\u00f3n y mantenimiento de los sistemas inform\u00e1ticos del Ayuntamiento y sus dependencias.<\/p>\n<p>Los proyectos m\u00e1s significativos que se han realizado han sido la creaci\u00f3n de material multimedia para el museo etnol\u00f3gico la \u2018Casa Gran\u2019 y su web, para la\u00a0\u00a0Agencia de desarrollo Local, proyectos europeos o la preparaci\u00f3n de material gr\u00e1fico de difusi\u00f3n de eventos del Ayuntamiento y sus \u00f3rganos dependientes.<\/p>\n<p>La alcaldesa de la Pobla, Mari Carmen Contelles, ha manifestado que \u201cdesde aqu\u00ed queremos felicitar al equipo directivo, a los profesores y, como no, a los alumnos, por el esfuerzo y la ilusi\u00f3n que han dedicado a estos talleres. Desde aqu\u00ed nos sentimos orgullosos de haber contribuido a que 30 personas, tras 12 meses de trabajo y formaci\u00f3n, est\u00e9n m\u00e1s capacitadas para integrarse en el mundo laboral o empresarial, con especial atenci\u00f3n a personas con dificultades para encontrar trabajo. Todo, fruto de la colaboraci\u00f3n entre la Uni\u00f3n Europea, la Generalitat y el Ayuntamiento de la Pobla de Vallbona.\u201d<\/p>\n<p>&nbsp;<\/p>\n","protected":false},"excerpt":{"rendered":"<div class=\"mh-excerpt\">Este viernes ha tenido lugar el acto de clausura y la entrega de diplomas del VII Taller de Ocupaci\u00f3n OPAL. La alcaldesa de la Pobla de Vallbona, Mari Carmen Contelles, y el concejal de Nuevas <a class=\"mh-excerpt-more\" href=\"https:\/\/www.tucomarca.com\/wordpress\/segunda\/finaliza-en-la-pobla-el-taller-sobre-especializacion-y-reciclaje-profesional\/\" title=\"Finaliza en La Pobla el taller sobre especializaci\u00f3n y reciclaje profesional\">[+] <\/a><\/div>\n","protected":false},"author":1,"featured_media":10009,"comment_status":"open","ping_status":"open","sticky":false,"template":"","format":"standard","meta":{"footnotes":""},"categories":[46,8,174,117,3,45],"tags":[],"class_list":{"0":"post-10007","1":"post","2":"type-post","3":"status-publish","4":"format-standard","5":"has-post-thumbnail","7":"category-camp-de-turia","8":"category-la-comarca","9":"category-la-pobla","10":"category-medio-ambiente-la-comarca","11":"category-seccion","12":"category-ventana"},"_links":{"self":[{"href":"https:\/\/www.tucomarca.com\/wordpress\/segunda\/wp-json\/wp\/v2\/posts\/10007","targetHints":{"allow":["GET"]}}],"collection":[{"href":"https:\/\/www.tucomarca.com\/wordpress\/segunda\/wp-json\/wp\/v2\/posts"}],"about":[{"href":"https:\/\/www.tucomarca.com\/wordpress\/segunda\/wp-json\/wp\/v2\/types\/post"}],"author":[{"embeddable":true,"href":"https:\/\/www.tucomarca.com\/wordpress\/segunda\/wp-json\/wp\/v2\/users\/1"}],"replies":[{"embeddable":true,"href":"https:\/\/www.tucomarca.com\/wordpress\/segunda\/wp-json\/wp\/v2\/comments?post=10007"}],"version-history":[{"count":0,"href":"https:\/\/www.tucomarca.com\/wordpress\/segunda\/wp-json\/wp\/v2\/posts\/10007\/revisions"}],"wp:featuredmedia":[{"embeddable":true,"href":"https:\/\/www.tucomarca.com\/wordpress\/segunda\/wp-json\/wp\/v2\/media\/10009"}],"wp:attachment":[{"href":"https:\/\/www.tucomarca.com\/wordpress\/segunda\/wp-json\/wp\/v2\/media?parent=10007"}],"wp:term":[{"taxonomy":"category","embeddable":true,"href":"https:\/\/www.tucomarca.com\/wordpress\/segunda\/wp-json\/wp\/v2\/categories?post=10007"},{"taxonomy":"post_tag","embeddable":true,"href":"https:\/\/www.tucomarca.com\/wordpress\/segunda\/wp-json\/wp\/v2\/tags?post=10007"}],"curies":[{"name":"wp","href":"https:\/\/api.w.org\/{rel}","templated":true}]}}